{"id":125,"count":1,"description":"","link":"https:\/\/separacja.pl\/news\/tag\/wspolzycie-spoleczne\/","name":"wsp\u00f3\u0142\u017cycie spo\u0142eczne","slug":"wspolzycie-spoleczne","taxonomy":"post_tag","meta":[],"_links":{"self":[{"href":"https:\/\/separacja.pl\/news\/wp-json\/wp\/v2\/tags\/125","targetHints":{"allow":["GET"]}}],"collection":[{"href":"https:\/\/separacja.pl\/news\/wp-json\/wp\/v2\/tags"}],"about":[{"href":"https:\/\/separacja.pl\/news\/wp-json\/wp\/v2\/taxonomies\/post_tag"}],"wp:post_type":[{"href":"https:\/\/separacja.pl\/news\/wp-json\/wp\/v2\/posts?tags=125"}],"curies":[{"name":"wp","href":"https:\/\/api.w.org\/{rel}","templated":true}]}}