{"id":503,"date":"2025-07-22T12:17:31","date_gmt":"2025-07-22T10:17:31","guid":{"rendered":"https:\/\/separacja.pl\/news\/?p=503"},"modified":"2025-07-22T12:17:31","modified_gmt":"2025-07-22T10:17:31","slug":"renta-rodzinna-po-rozwodzie","status":"publish","type":"post","link":"https:\/\/separacja.pl\/news\/renta-rodzinna-po-rozwodzie\/","title":{"rendered":"Renta rodzinna po rozwodzie"},"content":{"rendered":"\n<p>Zgodnie z postanowieniem S\u0105du Najwy\u017cszego z dnia 11 marca 2025 r. (III USK 326\/23) obowi\u0105zek alimentacyjny z art. 60 k.r.o. jest ograniczony czasowo i ten aspekt ma przede wszystkim istotne znaczenie. Tym samym, gdy zobowi\u0105zanym jest ma\u0142\u017conek rozwiedziony, kt\u00f3ry nie zosta\u0142 uznany za winnego rozk\u0142adu po\u017cycia, obowi\u0105zek ten wygasa w razie zawarcia przez tego ma\u0142\u017conka nowego ma\u0142\u017ce\u0144stwa oraz z up\u0142ywem pi\u0119ciu lat od orzeczenia rozwodu, chyba \u017ce ze wzgl\u0119du na wyj\u0105tkowe okoliczno\u015bci s\u0105d, na \u017c\u0105danie uprawnionego, przed\u0142u\u017cy wymieniony termin pi\u0119cioletni (art. 60 \u00a7 3 k.r.o.).<\/p>\n\n\n\n<p>Wyga\u015bni\u0119cie obowi\u0105zku alimentacyjnego z up\u0142ywem pi\u0119ciu lat od orzeczenia rozwodu (k.r.o.) wy\u0142\u0105cza prawo do renty rodzinnej ma\u0142\u017conki rozwiedzionej (tak S\u0105d Najwy\u017cszy w wyroku z 29 lipca 2020 r., I UK 10\/19, OSNP 2021 Nr 4, poz. 45). Nieuzyskanie z mocy wyroku s\u0105dowego przed\u0142u\u017cenia terminu pi\u0119cioletniego, o kt\u00f3rym mowa w art. 60 \u00a7 3 zdanie drugie k.r.o., powoduje wyga\u015bni\u0119cie obowi\u0105zku alimentacyjnego rozwiedzionego ma\u0142\u017conka, co oznacza niespe\u0142nienie jednego z warunk\u00f3w niezb\u0119dnych do przyznania renty rodzinnej, polegaj\u0105cego na posiadaniu prawa do aliment\u00f3w ustalonego wyrokiem s\u0105dowym lub ugod\u0105 s\u0105dow\u0105 w dniu \u015bmierci by\u0142ego m\u0119\u017ca (art. 70 ust. 3 ustawy emerytalnej).<\/p>\n\n\n\n<p>W konsekwencji wyga\u015bni\u0119cie obowi\u0105zku alimentacyjnego (k.r.o.) poci\u0105ga za sob\u0105 wszelkie skutki, jakie prawo wi\u0105\u017ce z dobrodziejstwem alimentacji (zob. postanowienie S\u0105du Najwy\u017cszego z 17 lutego 2022 r., I USK 403\/21, LEX nr 3402684).<\/p>\n","protected":false},"excerpt":{"rendered":"<p>Zgodnie z postanowieniem S\u0105du Najwy\u017cszego z dnia 11 marca 2025 r. (III USK 326\/23) obowi\u0105zek alimentacyjny z art. 60 k.r.o. jest ograniczony czasowo i ten aspekt ma przede wszystkim istotne znaczenie. Tym samym, gdy zobowi\u0105zanym jest ma\u0142\u017conek rozwiedziony, kt\u00f3ry nie zosta\u0142 uznany za winnego rozk\u0142adu po\u017cycia, obowi\u0105zek ten wygasa w razie zawarcia przez tego ma\u0142\u017conka [&hellip;]<\/p>\n","protected":false},"author":2,"featured_media":0,"comment_status":"closed","ping_status":"open","sticky":false,"template":"","format":"standard","meta":{"footnotes":""},"categories":[3],"tags":[],"class_list":["post-503","post","type-post","status-publish","format-standard","hentry","category-news-pl"],"_links":{"self":[{"href":"https:\/\/separacja.pl\/news\/wp-json\/wp\/v2\/posts\/503","targetHints":{"allow":["GET"]}}],"collection":[{"href":"https:\/\/separacja.pl\/news\/wp-json\/wp\/v2\/posts"}],"about":[{"href":"https:\/\/separacja.pl\/news\/wp-json\/wp\/v2\/types\/post"}],"author":[{"embeddable":true,"href":"https:\/\/separacja.pl\/news\/wp-json\/wp\/v2\/users\/2"}],"replies":[{"embeddable":true,"href":"https:\/\/separacja.pl\/news\/wp-json\/wp\/v2\/comments?post=503"}],"version-history":[{"count":1,"href":"https:\/\/separacja.pl\/news\/wp-json\/wp\/v2\/posts\/503\/revisions"}],"predecessor-version":[{"id":504,"href":"https:\/\/separacja.pl\/news\/wp-json\/wp\/v2\/posts\/503\/revisions\/504"}],"wp:attachment":[{"href":"https:\/\/separacja.pl\/news\/wp-json\/wp\/v2\/media?parent=503"}],"wp:term":[{"taxonomy":"category","embeddable":true,"href":"https:\/\/separacja.pl\/news\/wp-json\/wp\/v2\/categories?post=503"},{"taxonomy":"post_tag","embeddable":true,"href":"https:\/\/separacja.pl\/news\/wp-json\/wp\/v2\/tags?post=503"}],"curies":[{"name":"wp","href":"https:\/\/api.w.org\/{rel}","templated":true}]}}