{"id":489,"date":"2025-06-03T12:52:04","date_gmt":"2025-06-03T10:52:04","guid":{"rendered":"https:\/\/separacja.pl\/news\/?p=489"},"modified":"2025-06-03T12:52:04","modified_gmt":"2025-06-03T10:52:04","slug":"rozwod-pozasadowy","status":"publish","type":"post","link":"https:\/\/separacja.pl\/news\/rozwod-pozasadowy\/","title":{"rendered":"Rozw\u00f3d pozas\u0105dowy"},"content":{"rendered":"\n<p>Zgodnie z projektem Ministerstwa Sprawiedliwo\u015bci z 12 maja 2025 r. (Nr wykazu Rz\u0105dowego Centrum Legislacji: UDER24) post\u0119powania o rozwi\u0105zanie ma\u0142\u017ce\u0144stwa w Polsce czeka rewolucyjna zmiana.&nbsp;<\/p>\n\n\n\n<p>Projektodawca proponuje bowiem wprowadzenie rozwi\u0105zania pozwalaj\u0105cego na uzyskanie przez ma\u0142\u017conk\u00f3w rozwi\u0105zania w drodze z\u0142o\u017cenia zgodnych o\u015bwiadcze\u0144 przed kierownikiem Urz\u0119du Stanu Cywilnego lub przed konsulem RP (w przypadku obywateli polskich przebywaj\u0105cych za granic\u0105).<\/p>\n\n\n\n<p>Przes\u0142anki do rozwi\u0105zania ma\u0142\u017ce\u0144stwa w tym trybie projektodawca okre\u015bli\u0142 nast\u0119puj\u0105co: zupe\u0142ny i trwa\u0142y rozk\u0142ad po\u017cycia, czas trwania zwi\u0105zku ma\u0142\u017ce\u0144skiego d\u0142u\u017cej ni\u017c rok i brak wsp\u00f3lnych ma\u0142oletnich dzieci.<\/p>\n\n\n\n<p>Skutki rozwodu pozas\u0105dowego b\u0119d\u0105 takie same jak rozw\u00f3d uzyskany na zasadach dotychczasowych.<\/p>\n\n\n\n<p>Co istotne, rozw\u00f3d pozas\u0105dowy wywo\u0142uje skutki takie, jak gdyby \u017caden z ma\u0142\u017conk\u00f3w nie ponosi\u0142 winy rozk\u0142adu po\u017cycia.<\/p>\n\n\n\n<p>Jednocze\u015bnie, przewidziano post\u0119powanie umo\u017cliwiaj\u0105ce rozw\u00f3d pozas\u0105dowy, bowiem ka\u017cdy z ma\u0142\u017conk\u00f3w oraz kierownik urz\u0119du stanu cywilnego mo\u017ce wyst\u0105pi\u0107 z&nbsp;\u017c\u0105daniem uniewa\u017cnienia rozwodu pozas\u0105dowego, je\u017celi w chwili sk\u0142adania o\u015bwiadcze\u0144 o rozwi\u0105zaniu ma\u0142\u017ce\u0144stwa ma\u0142\u017conkowie mieli wsp\u00f3lne ma\u0142oletnie dzieci.<\/p>\n\n\n\n<p>Zgodnie z projektem, pow\u00f3dztwo o uniewa\u017cnienie rozwodu pozas\u0105dowego mo\u017ce tak\u017ce wnie\u015b\u0107 ma\u0142\u017conek, kt\u00f3ry w chwili sk\u0142adania o\u015bwiadczenia o rozwi\u0105zaniu ma\u0142\u017ce\u0144stwa dzia\u0142a\u0142:<\/p>\n\n\n\n<p>a) w stanie wy\u0142\u0105czaj\u0105cym \u015bwiadome albo swobodne powzi\u0119cie decyzji i wyra\u017cenie woli;<\/p>\n\n\n\n<p>b) pod wp\u0142ywem bezprawnej gro\u017aby drugiego ma\u0142\u017conka lub osoby trzeciej, je\u017celi z okoliczno\u015bci wynika, \u017ce sk\u0142adaj\u0105cy o\u015bwiadczenie m\u00f3g\u0142 si\u0119 obawia\u0107, \u017ce jemu samemu lub innej osobie grozi powa\u017cne niebezpiecze\u0144stwo osobiste lub maj\u0105tkowe;<\/p>\n\n\n\n<p>c) pod wp\u0142ywem b\u0142\u0119du, wywo\u0142anego podst\u0119pnie przez drugiego ma\u0142\u017conka, uzasadniaj\u0105cego przypuszczenie, \u017ce gdyby ma\u0142\u017conek nie dzia\u0142a\u0142 pod wp\u0142ywem b\u0142\u0119du i ocenia\u0142 spraw\u0119 rozs\u0105dnie, nie z\u0142o\u017cy\u0142by o\u015bwiadczenia o rozwi\u0105zaniu ma\u0142\u017ce\u0144stwa; podst\u0119p osoby trzeciej jest jednoznaczny z podst\u0119pem drugiego ma\u0142\u017conka, je\u017celi ten o podst\u0119pie wiedzia\u0142.<\/p>\n\n\n\n<p>Ograniczenie czasowe wytoczenia tego pow\u00f3dztwa o uniewa\u017cnienie rozwodu pozas\u0105dowego to 6 miesi\u0119cy od ustania powy\u017cszych przeszk\u00f3d, nie p\u00f3\u017aniej jednak ni\u017c 3 lata od z\u0142o\u017cenia przed kierownikiem USC lub konsulem zgodnych o\u015bwiadcze\u0144 o rozwi\u0105zaniu ma\u0142\u017ce\u0144stwa.<\/p>\n\n\n\n<p>Szczeg\u00f3\u0142owa procedura prowadz\u0105ca do rozwi\u0105zania ma\u0142\u017ce\u0144stwa przed kierownikiem urz\u0119du stanu cywilnego zosta\u0142a natomiast przewidziana w ramach zmian ustawy z 28 listopada 2024 r. Prawo o aktach stanu cywilnego. W szczeg\u00f3lno\u015bci nale\u017cy zwr\u00f3ci\u0107 uwag\u0119 na 2 zmiany tej ustawy&nbsp;<\/p>\n\n\n\n<p>Kierownik urz\u0119du stanu cywilnego nie mo\u017ce odebra\u0107 od ma\u0142\u017conk\u00f3w zapewnie\u0144, je\u017celi mi\u0119dzy ma\u0142\u017conkami toczy si\u0119 sprawa o rozw\u00f3d.<\/p>\n\n\n\n<p>Ma\u0142\u017conkowie zamierzaj\u0105cy rozwi\u0105za\u0107 ma\u0142\u017ce\u0144stwo w drodze rozwodu pozas\u0105dowego, jednocze\u015bnie obecni, przedstawiaj\u0105 dokumenty to\u017csamo\u015bci kierownikowi urz\u0119du stanu cywilnego albo konsulowi oraz sk\u0142adaj\u0105 na pi\u015bmie utrwalonym w postaci papierowej zapewnienia potwierdzaj\u0105ce wyst\u0119powanie przes\u0142anek rozwodu pozas\u0105dowego.<\/p>\n\n\n\n<p>Projektowana zmiana zapewnia przyspieszenie mo\u017cliwo\u015bci uzyskania rozwodu i odci\u0105\u017cenie s\u0105d\u00f3w, przy spe\u0142nianiu warunk\u00f3w uzyskania rozwodu w tym trybie.<\/p>\n\n\n\n<p>Czas zako\u0144czenia prac legislacyjnych okre\u015blono na II kw. 2025 r.<\/p>\n\n\n\n<p>MM<\/p>\n","protected":false},"excerpt":{"rendered":"<p>Zgodnie z projektem Ministerstwa Sprawiedliwo\u015bci z 12 maja 2025 r. (Nr wykazu Rz\u0105dowego Centrum Legislacji: UDER24) post\u0119powania o rozwi\u0105zanie ma\u0142\u017ce\u0144stwa w Polsce czeka rewolucyjna zmiana.&nbsp; Projektodawca proponuje bowiem wprowadzenie rozwi\u0105zania pozwalaj\u0105cego na uzyskanie przez ma\u0142\u017conk\u00f3w rozwi\u0105zania w drodze z\u0142o\u017cenia zgodnych o\u015bwiadcze\u0144 przed kierownikiem Urz\u0119du Stanu Cywilnego lub przed konsulem RP (w przypadku obywateli polskich przebywaj\u0105cych [&hellip;]<\/p>\n","protected":false},"author":2,"featured_media":0,"comment_status":"closed","ping_status":"open","sticky":false,"template":"","format":"standard","meta":{"footnotes":""},"categories":[3],"tags":[],"class_list":["post-489","post","type-post","status-publish","format-standard","hentry","category-news-pl"],"_links":{"self":[{"href":"https:\/\/separacja.pl\/news\/wp-json\/wp\/v2\/posts\/489","targetHints":{"allow":["GET"]}}],"collection":[{"href":"https:\/\/separacja.pl\/news\/wp-json\/wp\/v2\/posts"}],"about":[{"href":"https:\/\/separacja.pl\/news\/wp-json\/wp\/v2\/types\/post"}],"author":[{"embeddable":true,"href":"https:\/\/separacja.pl\/news\/wp-json\/wp\/v2\/users\/2"}],"replies":[{"embeddable":true,"href":"https:\/\/separacja.pl\/news\/wp-json\/wp\/v2\/comments?post=489"}],"version-history":[{"count":1,"href":"https:\/\/separacja.pl\/news\/wp-json\/wp\/v2\/posts\/489\/revisions"}],"predecessor-version":[{"id":490,"href":"https:\/\/separacja.pl\/news\/wp-json\/wp\/v2\/posts\/489\/revisions\/490"}],"wp:attachment":[{"href":"https:\/\/separacja.pl\/news\/wp-json\/wp\/v2\/media?parent=489"}],"wp:term":[{"taxonomy":"category","embeddable":true,"href":"https:\/\/separacja.pl\/news\/wp-json\/wp\/v2\/categories?post=489"},{"taxonomy":"post_tag","embeddable":true,"href":"https:\/\/separacja.pl\/news\/wp-json\/wp\/v2\/tags?post=489"}],"curies":[{"name":"wp","href":"https:\/\/api.w.org\/{rel}","templated":true}]}}