{"id":487,"date":"2025-05-30T13:24:18","date_gmt":"2025-05-30T11:24:18","guid":{"rendered":"https:\/\/separacja.pl\/news\/?p=487"},"modified":"2025-05-30T13:24:18","modified_gmt":"2025-05-30T11:24:18","slug":"renta-rodzinna-po-separacji","status":"publish","type":"post","link":"https:\/\/separacja.pl\/news\/renta-rodzinna-po-separacji\/","title":{"rendered":"Renta rodzinna po separacji"},"content":{"rendered":"\n<p>Zgodnie z postanowieniem S\u0105du Najwy\u017cszego z dnia 12 lipca 2023 r. (I USK 316\/22) &nbsp;orzeczenie s\u0105dowe o separacji wyklucza prawo wdowy do renty rodzinnej na podstawie art. 70 ust. 3 u.e.r.f.u.s., chyba \u017ce mia\u0142a ona w dniu \u015bmierci m\u0119\u017ca prawo do aliment\u00f3w z jego strony ustalone wyrokiem lub ugod\u0105 s\u0105dow\u0105. Po orzeczeniu separacji warunkiem prawa do renty rodzinnej jest ustalenie, \u017ce zmar\u0142y rzeczywi\u015bcie dobrowolnie alimentowa\u0142 wsp\u00f3\u0142ma\u0142\u017conka, a nie tylko \u015bwiadczy\u0142 mu wzajemn\u0105 pomoc (art. 60 \u00a7 1 lub 2 w zwi\u0105zku z art. 614 \u00a7 3 k.r.o. oraz art. 70 ust. 3 u.e.r.f.u.s.).<\/p>\n","protected":false},"excerpt":{"rendered":"<p>Zgodnie z postanowieniem S\u0105du Najwy\u017cszego z dnia 12 lipca 2023 r. (I USK 316\/22) &nbsp;orzeczenie s\u0105dowe o separacji wyklucza prawo wdowy do renty rodzinnej na podstawie art. 70 ust. 3 u.e.r.f.u.s., chyba \u017ce mia\u0142a ona w dniu \u015bmierci m\u0119\u017ca prawo do aliment\u00f3w z jego strony ustalone wyrokiem lub ugod\u0105 s\u0105dow\u0105. Po orzeczeniu separacji warunkiem prawa [&hellip;]<\/p>\n","protected":false},"author":2,"featured_media":0,"comment_status":"closed","ping_status":"open","sticky":false,"template":"","format":"standard","meta":{"footnotes":""},"categories":[3],"tags":[],"class_list":["post-487","post","type-post","status-publish","format-standard","hentry","category-news-pl"],"_links":{"self":[{"href":"https:\/\/separacja.pl\/news\/wp-json\/wp\/v2\/posts\/487","targetHints":{"allow":["GET"]}}],"collection":[{"href":"https:\/\/separacja.pl\/news\/wp-json\/wp\/v2\/posts"}],"about":[{"href":"https:\/\/separacja.pl\/news\/wp-json\/wp\/v2\/types\/post"}],"author":[{"embeddable":true,"href":"https:\/\/separacja.pl\/news\/wp-json\/wp\/v2\/users\/2"}],"replies":[{"embeddable":true,"href":"https:\/\/separacja.pl\/news\/wp-json\/wp\/v2\/comments?post=487"}],"version-history":[{"count":1,"href":"https:\/\/separacja.pl\/news\/wp-json\/wp\/v2\/posts\/487\/revisions"}],"predecessor-version":[{"id":488,"href":"https:\/\/separacja.pl\/news\/wp-json\/wp\/v2\/posts\/487\/revisions\/488"}],"wp:attachment":[{"href":"https:\/\/separacja.pl\/news\/wp-json\/wp\/v2\/media?parent=487"}],"wp:term":[{"taxonomy":"category","embeddable":true,"href":"https:\/\/separacja.pl\/news\/wp-json\/wp\/v2\/categories?post=487"},{"taxonomy":"post_tag","embeddable":true,"href":"https:\/\/separacja.pl\/news\/wp-json\/wp\/v2\/tags?post=487"}],"curies":[{"name":"wp","href":"https:\/\/api.w.org\/{rel}","templated":true}]}}