{"id":479,"date":"2025-04-28T21:56:34","date_gmt":"2025-04-28T19:56:34","guid":{"rendered":"https:\/\/separacja.pl\/news\/?p=479"},"modified":"2025-04-28T21:56:34","modified_gmt":"2025-04-28T19:56:34","slug":"czy-umowa-miedzy-polska-rzeczapospolita-ludowa-a-republika-francuska-o-prawie-wlasciwym-jurysdykcji-i-wykonywaniu-orzeczen-w-zakresie-prawa-osobowego-i-rodzinnego-sporzadzona-w-warszawie-dnia-5","status":"publish","type":"post","link":"https:\/\/separacja.pl\/news\/czy-umowa-miedzy-polska-rzeczapospolita-ludowa-a-republika-francuska-o-prawie-wlasciwym-jurysdykcji-i-wykonywaniu-orzeczen-w-zakresie-prawa-osobowego-i-rodzinnego-sporzadzona-w-warszawie-dnia-5\/","title":{"rendered":"Czy umowa mi\u0119dzy polsk\u0105 rzecz\u0105pospolit\u0105 ludow\u0105 a republik\u0105 francusk\u0105 o prawie w\u0142a\u015bciwym, jurysdykcji i wykonywaniu orzecze\u0144 w zakresie prawa osobowego i rodzinnego\u00a0 sporz\u0105dzon\u0105 w warszawie dnia 5 kwietnia 1967 r nadal obowi\u0105zuje w sprawach rozwodowych ?"},"content":{"rendered":"\n<p><\/p>\n\n\n\n<p>Zgodnie z artyku\u0142&nbsp; 94 rozporz\u0105dzenia rady (UE) 2019\/1111 z dnia 25 czerwca 2019 r. w sprawie jurysdykcji, uznawania i wykonywania orzecze\u0144 w sprawach ma\u0142\u017ce\u0144skich i w sprawach dotycz\u0105cych odpowiedzialno\u015bci rodzicielskiej oraz w sprawie uprowadzenia dziecka za granic\u0119 rozporz\u0105dzenie to zast\u0119pi\u0142o dla pa\u0144stw cz\u0142onkowskich konwencje istniej\u0105ce w chwili wej\u015bcia w \u017cycie rozporz\u0105dzenia (we) nr 2201\/2003, zawarte mi\u0119dzy dwoma lub wi\u0119ksz\u0105 liczb\u0105 pa\u0144stw cz\u0142onkowskich i dotycz\u0105ce spraw uregulowanych w niniejszym rozporz\u0105dzeniu. Dotyczy to r\u00f3wnie\u017c umowy z&nbsp; Francj\u0105 z 5 kwietnia 1967 r.<\/p>\n\n\n\n<p>Znajduje to po\u015brednio potwierdzenie w wyroku S\u0105du Najwy\u017cszego z dnia 28 maja 2014 r. (I CSK 330\/13), kt\u00f3ry odnosi\u0142 si\u0119 do poprzednio obowi\u0105zuj\u0105cego rozporz\u0105dzenia Rady (WE) nr 2201\/2003 z dnia 27 listopada 2003 r. dotycz\u0105cego jurysdykcji oraz uznawania i wykonywania orzecze\u0144 w sprawach ma\u0142\u017ce\u0144skich oraz w sprawach dotycz\u0105cych odpowiedzialno\u015bci rodzicielskiej.<\/p>\n\n\n\n<p>S\u0105d Najwy\u017csze zwr\u00f3ci\u0142 jednak uwag\u0119, \u017ce sprawy dotycz\u0105ce stosunk\u00f3w maj\u0105tkowych ma\u0142\u017ce\u0144skich nie s\u0105 obj\u0119te zakresem zastosowania kt\u00f3regokolwiek z akt\u00f3w prawnych sk\u0142adaj\u0105cych si\u0119 na regulacje Unii Europejskiej w dziedzinie jurysdykcji krajowej oraz uznawania i wykonywania zagranicznych orzecze\u0144 i&nbsp; w tym zakresie umowa z 1967 roku znajduje zastosowanie<\/p>\n","protected":false},"excerpt":{"rendered":"<p>Zgodnie z artyku\u0142&nbsp; 94 rozporz\u0105dzenia rady (UE) 2019\/1111 z dnia 25 czerwca 2019 r. w sprawie jurysdykcji, uznawania i wykonywania orzecze\u0144 w sprawach ma\u0142\u017ce\u0144skich i w sprawach dotycz\u0105cych odpowiedzialno\u015bci rodzicielskiej oraz w sprawie uprowadzenia dziecka za granic\u0119 rozporz\u0105dzenie to zast\u0119pi\u0142o dla pa\u0144stw cz\u0142onkowskich konwencje istniej\u0105ce w chwili wej\u015bcia w \u017cycie rozporz\u0105dzenia (we) nr 2201\/2003, zawarte [&hellip;]<\/p>\n","protected":false},"author":2,"featured_media":0,"comment_status":"closed","ping_status":"open","sticky":false,"template":"","format":"standard","meta":{"footnotes":""},"categories":[3],"tags":[],"class_list":["post-479","post","type-post","status-publish","format-standard","hentry","category-news-pl"],"_links":{"self":[{"href":"https:\/\/separacja.pl\/news\/wp-json\/wp\/v2\/posts\/479","targetHints":{"allow":["GET"]}}],"collection":[{"href":"https:\/\/separacja.pl\/news\/wp-json\/wp\/v2\/posts"}],"about":[{"href":"https:\/\/separacja.pl\/news\/wp-json\/wp\/v2\/types\/post"}],"author":[{"embeddable":true,"href":"https:\/\/separacja.pl\/news\/wp-json\/wp\/v2\/users\/2"}],"replies":[{"embeddable":true,"href":"https:\/\/separacja.pl\/news\/wp-json\/wp\/v2\/comments?post=479"}],"version-history":[{"count":1,"href":"https:\/\/separacja.pl\/news\/wp-json\/wp\/v2\/posts\/479\/revisions"}],"predecessor-version":[{"id":480,"href":"https:\/\/separacja.pl\/news\/wp-json\/wp\/v2\/posts\/479\/revisions\/480"}],"wp:attachment":[{"href":"https:\/\/separacja.pl\/news\/wp-json\/wp\/v2\/media?parent=479"}],"wp:term":[{"taxonomy":"category","embeddable":true,"href":"https:\/\/separacja.pl\/news\/wp-json\/wp\/v2\/categories?post=479"},{"taxonomy":"post_tag","embeddable":true,"href":"https:\/\/separacja.pl\/news\/wp-json\/wp\/v2\/tags?post=479"}],"curies":[{"name":"wp","href":"https:\/\/api.w.org\/{rel}","templated":true}]}}