{"id":278,"date":"2025-02-04T15:03:00","date_gmt":"2025-02-04T14:03:00","guid":{"rendered":"https:\/\/separacja.pl\/news\/?p=278"},"modified":"2025-04-06T19:11:14","modified_gmt":"2025-04-06T17:11:14","slug":"opiniodawcze-zespoly-sadowych-specjalistow-ozss","status":"publish","type":"post","link":"https:\/\/separacja.pl\/news\/opiniodawcze-zespoly-sadowych-specjalistow-ozss\/","title":{"rendered":"Opiniodawcze zespo\u0142y s\u0105dowych specjalist\u00f3w (OZSS)"},"content":{"rendered":"\n<p>Zgodnie z ustaw\u0105 z dnia 5 sierpnia 2015 r. o opiniodawczych zespo\u0142ach s\u0105dowych specjalist\u00f3w w s\u0105dach okr\u0119gowych dzia\u0142aj\u0105 opiniodawcze zespo\u0142y s\u0105dowych specjalist\u00f3w, zwane dalej &#8222;zespo\u0142ami&#8221;, kt\u00f3rych zadaniem jest sporz\u0105dzanie, na zlecenie s\u0105du lub prokuratora, opinii w sprawach rodzinnych i opieku\u0144czych oraz w sprawach nieletnich, na podstawie przeprowadzonych bada\u0144 psychologicznych, pedagogicznych lub lekarskich. Zespo\u0142y na zlecenie s\u0105du prowadz\u0105 tak\u017ce mediacje, przeprowadzaj\u0105 wywiady \u015brodowiskowe w sprawach nieletnich oraz prowadz\u0105 poradnictwo specjalistyczne dla ma\u0142oletnich, nieletnich i ich rodzin. Zespo\u0142y mog\u0105 wsp\u00f3\u0142dzia\u0142a\u0107 z plac\u00f3wkami wykonuj\u0105cymi orzeczenia s\u0105du.<\/p>\n\n\n\n<p>W sk\u0142ad zespo\u0142u wchodz\u0105 specjali\u015bci w zakresie psychologii, pedagogiki, pediatrii, medycyny rodzinnej, chor\u00f3b wewn\u0119trznych, psychiatrii oraz psychiatrii dzieci i m\u0142odzie\u017cy. Specjalista jest niezale\u017cny. Prezes s\u0105du okr\u0119gowego nie mo\u017ce wydawa\u0107 specjalistom polece\u0144 dotycz\u0105cych wykonywania czynno\u015bci, w kt\u00f3rych s\u0105 niezale\u017cni.<\/p>\n\n\n\n<p>Zesp\u00f3\u0142 sporz\u0105dza opinie dla s\u0105d\u00f3w i prokurator\u00f3w w obszarze w\u0142a\u015bciwo\u015bci s\u0105du okr\u0119gowego, w kt\u00f3rym dzia\u0142a, a w szczeg\u00f3lnie uzasadnionych przypadkach mo\u017ce sporz\u0105dzi\u0107 opini\u0119 dla s\u0105d\u00f3w i prokurator\u00f3w spoza jego obszaru w\u0142a\u015bciwo\u015bci. W szczeg\u00f3lnie uzasadnionych przypadkach obszarem w\u0142a\u015bciwo\u015bci zespo\u0142u mo\u017ce by\u0107 cz\u0119\u015b\u0107 obszaru w\u0142a\u015bciwo\u015bci s\u0105du okr\u0119gowego.<\/p>\n\n\n\n<p>&nbsp;W sprawach o odebranie osoby podlegaj\u0105cej w\u0142adzy rodzicielskiej lub pozostaj\u0105cej pod opiek\u0105 tocz\u0105cych si\u0119 w trybie Konwencji dotycz\u0105cej cywilnych aspekt\u00f3w uprowadzenia dziecka za granic\u0119, sporz\u0105dzonej w Hadze dnia 25 pa\u017adziernika 1980 r. (Dz. U. z 1995 r. poz. 528 oraz z 1999 r. poz. 1085), opinie sporz\u0105dza si\u0119 niezw\u0142ocznie.<\/p>\n","protected":false},"excerpt":{"rendered":"<p>Zgodnie z ustaw\u0105 z dnia 5 sierpnia 2015 r. o opiniodawczych zespo\u0142ach s\u0105dowych specjalist\u00f3w w s\u0105dach okr\u0119gowych dzia\u0142aj\u0105 opiniodawcze zespo\u0142y s\u0105dowych specjalist\u00f3w, zwane dalej &#8222;zespo\u0142ami&#8221;, kt\u00f3rych zadaniem jest sporz\u0105dzanie, na zlecenie s\u0105du lub prokuratora, opinii w sprawach rodzinnych i opieku\u0144czych oraz w sprawach nieletnich, na podstawie przeprowadzonych bada\u0144 psychologicznych, pedagogicznych lub lekarskich. Zespo\u0142y na zlecenie [&hellip;]<\/p>\n","protected":false},"author":1,"featured_media":0,"comment_status":"closed","ping_status":"open","sticky":false,"template":"","format":"standard","meta":{"footnotes":""},"categories":[3],"tags":[11,16,15,13,14,12],"class_list":["post-278","post","type-post","status-publish","format-standard","hentry","category-news-pl","tag-opiniodawczy","tag-pedagog","tag-psycholog","tag-sadowy","tag-specjalista","tag-zespol"],"_links":{"self":[{"href":"https:\/\/separacja.pl\/news\/wp-json\/wp\/v2\/posts\/278","targetHints":{"allow":["GET"]}}],"collection":[{"href":"https:\/\/separacja.pl\/news\/wp-json\/wp\/v2\/posts"}],"about":[{"href":"https:\/\/separacja.pl\/news\/wp-json\/wp\/v2\/types\/post"}],"author":[{"embeddable":true,"href":"https:\/\/separacja.pl\/news\/wp-json\/wp\/v2\/users\/1"}],"replies":[{"embeddable":true,"href":"https:\/\/separacja.pl\/news\/wp-json\/wp\/v2\/comments?post=278"}],"version-history":[{"count":2,"href":"https:\/\/separacja.pl\/news\/wp-json\/wp\/v2\/posts\/278\/revisions"}],"predecessor-version":[{"id":460,"href":"https:\/\/separacja.pl\/news\/wp-json\/wp\/v2\/posts\/278\/revisions\/460"}],"wp:attachment":[{"href":"https:\/\/separacja.pl\/news\/wp-json\/wp\/v2\/media?parent=278"}],"wp:term":[{"taxonomy":"category","embeddable":true,"href":"https:\/\/separacja.pl\/news\/wp-json\/wp\/v2\/categories?post=278"},{"taxonomy":"post_tag","embeddable":true,"href":"https:\/\/separacja.pl\/news\/wp-json\/wp\/v2\/tags?post=278"}],"curies":[{"name":"wp","href":"https:\/\/api.w.org\/{rel}","templated":true}]}}