{"id":262,"date":"2024-06-04T14:51:00","date_gmt":"2024-06-04T12:51:00","guid":{"rendered":"https:\/\/separacja.pl\/news\/?p=262"},"modified":"2025-04-06T19:21:11","modified_gmt":"2025-04-06T17:21:11","slug":"pelnomocnik-w-sprawie-o-rozwod","status":"publish","type":"post","link":"https:\/\/separacja.pl\/news\/pelnomocnik-w-sprawie-o-rozwod\/","title":{"rendered":"Pe\u0142nomocnik w sprawie o rozw\u00f3d"},"content":{"rendered":"\n<p>Zgodnie z uchwa\u0142\u0105 S\u0105du Najwy\u017cszego z dnia 25 lipca 1978 r. (III CZP 43\/78) w sprawie o rozw\u00f3d pe\u0142nomocnikiem procesowym mog\u0105 by\u0107 pr\u00f3cz adwokata (obecnie te\u017c radcy prawnego) tylko rodzice, rodze\u0144stwo lub zst\u0119pni, strony oraz osoby pozostaj\u0105ce ze stron\u0105 w stosunku przysposobienia, je\u017celi udzielono im pe\u0142nomocnictwa do prowadzenia danej sprawy (art. 87 \u00a7 1 w zwi\u0105zku z art. 426 k.p.c.).<\/p>\n","protected":false},"excerpt":{"rendered":"<p>Zgodnie z uchwa\u0142\u0105 S\u0105du Najwy\u017cszego z dnia 25 lipca 1978 r. (III CZP 43\/78) w sprawie o rozw\u00f3d pe\u0142nomocnikiem procesowym mog\u0105 by\u0107 pr\u00f3cz adwokata (obecnie te\u017c radcy prawnego) tylko rodzice, rodze\u0144stwo lub zst\u0119pni, strony oraz osoby pozostaj\u0105ce ze stron\u0105 w stosunku przysposobienia, je\u017celi udzielono im pe\u0142nomocnictwa do prowadzenia danej sprawy (art. 87 \u00a7 1 w [&hellip;]<\/p>\n","protected":false},"author":1,"featured_media":0,"comment_status":"closed","ping_status":"open","sticky":false,"template":"","format":"standard","meta":{"footnotes":""},"categories":[3],"tags":[33,32,34,9],"class_list":["post-262","post","type-post","status-publish","format-standard","hentry","category-news-pl","tag-adwokat","tag-pelnomocnik","tag-rodzice","tag-rozwod"],"_links":{"self":[{"href":"https:\/\/separacja.pl\/news\/wp-json\/wp\/v2\/posts\/262","targetHints":{"allow":["GET"]}}],"collection":[{"href":"https:\/\/separacja.pl\/news\/wp-json\/wp\/v2\/posts"}],"about":[{"href":"https:\/\/separacja.pl\/news\/wp-json\/wp\/v2\/types\/post"}],"author":[{"embeddable":true,"href":"https:\/\/separacja.pl\/news\/wp-json\/wp\/v2\/users\/1"}],"replies":[{"embeddable":true,"href":"https:\/\/separacja.pl\/news\/wp-json\/wp\/v2\/comments?post=262"}],"version-history":[{"count":1,"href":"https:\/\/separacja.pl\/news\/wp-json\/wp\/v2\/posts\/262\/revisions"}],"predecessor-version":[{"id":263,"href":"https:\/\/separacja.pl\/news\/wp-json\/wp\/v2\/posts\/262\/revisions\/263"}],"wp:attachment":[{"href":"https:\/\/separacja.pl\/news\/wp-json\/wp\/v2\/media?parent=262"}],"wp:term":[{"taxonomy":"category","embeddable":true,"href":"https:\/\/separacja.pl\/news\/wp-json\/wp\/v2\/categories?post=262"},{"taxonomy":"post_tag","embeddable":true,"href":"https:\/\/separacja.pl\/news\/wp-json\/wp\/v2\/tags?post=262"}],"curies":[{"name":"wp","href":"https:\/\/api.w.org\/{rel}","templated":true}]}}