{"id":260,"date":"2024-05-04T14:50:00","date_gmt":"2024-05-04T12:50:00","guid":{"rendered":"https:\/\/separacja.pl\/news\/?p=260"},"modified":"2025-04-06T19:22:28","modified_gmt":"2025-04-06T17:22:28","slug":"wspolne-pozycie-po-orzeczeniu-separacji","status":"publish","type":"post","link":"https:\/\/separacja.pl\/news\/wspolne-pozycie-po-orzeczeniu-separacji\/","title":{"rendered":"Wsp\u00f3lne po\u017cycie po orzeczeniu separacji"},"content":{"rendered":"\n<p>Zgodnie z wyrokiem S\u0105du S\u0105du Apelacyjnego w Lublinie z dnia 21 listopada 2019 r. (III AUa 912\/18) Separacja orzeczona przez s\u0105d mo\u017ce zako\u0144czy\u0107 si\u0119 w wyniku rozwi\u0105zania ma\u0142\u017ce\u0144stwa przez rozw\u00f3d, uniewa\u017cnienia ma\u0142\u017ce\u0144stwa albo zniesienia separacji orzeczeniem s\u0105du (art. 616 \u00a7 1 k.r.o.). Orzeczenie to ma charakter konstytutywny, wobec czego skutki separacji ustaj\u0105 dopiero z chwil\u0105 zniesienia separacji przez s\u0105d (art. 616 \u00a7 2 k.r.o). Samo podj\u0119cie wsp\u00f3lnego po\u017cycia przez ma\u0142\u017conk\u00f3w pozostaj\u0105cych w separacji nie powoduje wi\u0119c jej ustania i skutki wynik\u0142e z orzeczenia ustanawiaj\u0105cego separacj\u0119 trwaj\u0105 nadal.<\/p>\n","protected":false},"excerpt":{"rendered":"<p>Zgodnie z wyrokiem S\u0105du S\u0105du Apelacyjnego w Lublinie z dnia 21 listopada 2019 r. (III AUa 912\/18) Separacja orzeczona przez s\u0105d mo\u017ce zako\u0144czy\u0107 si\u0119 w wyniku rozwi\u0105zania ma\u0142\u017ce\u0144stwa przez rozw\u00f3d, uniewa\u017cnienia ma\u0142\u017ce\u0144stwa albo zniesienia separacji orzeczeniem s\u0105du (art. 616 \u00a7 1 k.r.o.). Orzeczenie to ma charakter konstytutywny, wobec czego skutki separacji ustaj\u0105 dopiero z chwil\u0105 [&hellip;]<\/p>\n","protected":false},"author":1,"featured_media":0,"comment_status":"closed","ping_status":"open","sticky":false,"template":"","format":"standard","meta":{"footnotes":""},"categories":[3],"tags":[37,35,27,36],"class_list":["post-260","post","type-post","status-publish","format-standard","hentry","category-news-pl","tag-malzenstwo","tag-pozycie","tag-separacja","tag-uniewaznienie"],"_links":{"self":[{"href":"https:\/\/separacja.pl\/news\/wp-json\/wp\/v2\/posts\/260","targetHints":{"allow":["GET"]}}],"collection":[{"href":"https:\/\/separacja.pl\/news\/wp-json\/wp\/v2\/posts"}],"about":[{"href":"https:\/\/separacja.pl\/news\/wp-json\/wp\/v2\/types\/post"}],"author":[{"embeddable":true,"href":"https:\/\/separacja.pl\/news\/wp-json\/wp\/v2\/users\/1"}],"replies":[{"embeddable":true,"href":"https:\/\/separacja.pl\/news\/wp-json\/wp\/v2\/comments?post=260"}],"version-history":[{"count":1,"href":"https:\/\/separacja.pl\/news\/wp-json\/wp\/v2\/posts\/260\/revisions"}],"predecessor-version":[{"id":261,"href":"https:\/\/separacja.pl\/news\/wp-json\/wp\/v2\/posts\/260\/revisions\/261"}],"wp:attachment":[{"href":"https:\/\/separacja.pl\/news\/wp-json\/wp\/v2\/media?parent=260"}],"wp:term":[{"taxonomy":"category","embeddable":true,"href":"https:\/\/separacja.pl\/news\/wp-json\/wp\/v2\/categories?post=260"},{"taxonomy":"post_tag","embeddable":true,"href":"https:\/\/separacja.pl\/news\/wp-json\/wp\/v2\/tags?post=260"}],"curies":[{"name":"wp","href":"https:\/\/api.w.org\/{rel}","templated":true}]}}