{"id":256,"date":"2024-03-01T11:46:00","date_gmt":"2024-03-01T10:46:00","guid":{"rendered":"https:\/\/separacja.pl\/news\/?p=256"},"modified":"2025-04-06T19:24:36","modified_gmt":"2025-04-06T17:24:36","slug":"wina-za-rozklad-pozycia-a-odpowiedzialnosc-wobec-zus","status":"publish","type":"post","link":"https:\/\/separacja.pl\/news\/wina-za-rozklad-pozycia-a-odpowiedzialnosc-wobec-zus\/","title":{"rendered":"Wina za rozk\u0142ad po\u017cycia a odpowiedzialno\u015b\u0107 wobec ZUS"},"content":{"rendered":"\n<p>Zgodnie z wyrokiem S\u0105du Apelacyjnego w Szczecinie\u00a0z dnia\u00a024 maja 2018\u00a0r. (III AUa 453\/17) zupe\u0142ny i trwa\u0142y rozk\u0142ad po\u017cycia mi\u0119dzy ma\u0142\u017conkami, w my\u015bl art. 56 \u00a7 1 Kodeksu rodzinnego i opieku\u0144czego, stanowi przes\u0142ank\u0119 do rozwi\u0105zania przez s\u0105d ma\u0142\u017ce\u0144stwa przez rozw\u00f3d, nie wp\u0142ywa natomiast na kwesti\u0119 odpowiedzialno\u015bci maj\u0105tkowej za zobowi\u0105zania sk\u0142adkowe wobec ZUS , je\u017celi nie dosz\u0142o wcze\u015bniej do zawarcia umowy o ograniczeniu wsp\u00f3lno\u015bci ustawowej, b\u0105d\u017a o ustanowieniu rozdzielno\u015bci maj\u0105tkowej.<\/p>\n","protected":false},"excerpt":{"rendered":"<p>Zgodnie z wyrokiem S\u0105du Apelacyjnego w Szczecinie\u00a0z dnia\u00a024 maja 2018\u00a0r. (III AUa 453\/17) zupe\u0142ny i trwa\u0142y rozk\u0142ad po\u017cycia mi\u0119dzy ma\u0142\u017conkami, w my\u015bl art. 56 \u00a7 1 Kodeksu rodzinnego i opieku\u0144czego, stanowi przes\u0142ank\u0119 do rozwi\u0105zania przez s\u0105d ma\u0142\u017ce\u0144stwa przez rozw\u00f3d, nie wp\u0142ywa natomiast na kwesti\u0119 odpowiedzialno\u015bci maj\u0105tkowej za zobowi\u0105zania sk\u0142adkowe wobec ZUS , je\u017celi nie dosz\u0142o [&hellip;]<\/p>\n","protected":false},"author":1,"featured_media":0,"comment_status":"closed","ping_status":"open","sticky":false,"template":"","format":"standard","meta":{"footnotes":""},"categories":[3],"tags":[42,35,40,39,41],"class_list":["post-256","post","type-post","status-publish","format-standard","hentry","category-news-pl","tag-majatek","tag-pozycie","tag-rozklad","tag-wina","tag-zus"],"_links":{"self":[{"href":"https:\/\/separacja.pl\/news\/wp-json\/wp\/v2\/posts\/256","targetHints":{"allow":["GET"]}}],"collection":[{"href":"https:\/\/separacja.pl\/news\/wp-json\/wp\/v2\/posts"}],"about":[{"href":"https:\/\/separacja.pl\/news\/wp-json\/wp\/v2\/types\/post"}],"author":[{"embeddable":true,"href":"https:\/\/separacja.pl\/news\/wp-json\/wp\/v2\/users\/1"}],"replies":[{"embeddable":true,"href":"https:\/\/separacja.pl\/news\/wp-json\/wp\/v2\/comments?post=256"}],"version-history":[{"count":1,"href":"https:\/\/separacja.pl\/news\/wp-json\/wp\/v2\/posts\/256\/revisions"}],"predecessor-version":[{"id":257,"href":"https:\/\/separacja.pl\/news\/wp-json\/wp\/v2\/posts\/256\/revisions\/257"}],"wp:attachment":[{"href":"https:\/\/separacja.pl\/news\/wp-json\/wp\/v2\/media?parent=256"}],"wp:term":[{"taxonomy":"category","embeddable":true,"href":"https:\/\/separacja.pl\/news\/wp-json\/wp\/v2\/categories?post=256"},{"taxonomy":"post_tag","embeddable":true,"href":"https:\/\/separacja.pl\/news\/wp-json\/wp\/v2\/tags?post=256"}],"curies":[{"name":"wp","href":"https:\/\/api.w.org\/{rel}","templated":true}]}}