{"id":252,"date":"2024-01-04T11:43:00","date_gmt":"2024-01-04T10:43:00","guid":{"rendered":"https:\/\/separacja.pl\/news\/?p=252"},"modified":"2025-04-06T19:26:15","modified_gmt":"2025-04-06T17:26:15","slug":"rozwody-z-obywatelami-czech-i-slowacji","status":"publish","type":"post","link":"https:\/\/separacja.pl\/news\/rozwody-z-obywatelami-czech-i-slowacji\/","title":{"rendered":"Rozwody z obywatelami Czech i S\u0142owacji"},"content":{"rendered":"\n<p>Zgodnie z umow\u0105 mi\u0119dzy Polsk\u0105 Rzecz\u0105pospolit\u0105 Ludow\u0105 a Czechos\u0142owack\u0105 Republik\u0105 Socjalistyczn\u0105 o pomocy prawnej i stosunkach prawnych w sprawach cywilnych, rodzinnych, pracowniczych i karnych z dnia 21 grudnia 1987 rozw\u00f3d podlega prawu tej Umawiaj\u0105cej si\u0119 Strony, kt\u00f3rej obywatelami s\u0105 ma\u0142\u017conkowie w chwili wszcz\u0119cia post\u0119powania. Ww. sprawach o rozw\u00f3d w\u0142a\u015bciwy jest s\u0105d tej Umawiaj\u0105cej si\u0119 Strony, kt\u00f3rej obywatelami s\u0105 ma\u0142\u017conkowie w chwili wszcz\u0119cia post\u0119powania<\/p>\n\n\n\n<p>Je\u017celi w chwili wszcz\u0119cia post\u0119powania jedno z ma\u0142\u017conk\u00f3w jest obywatelem jednej Umawiaj\u0105cej si\u0119 Strony, drugie za\u015b &#8211; obywatelem drugiej Umawiaj\u0105cej si\u0119 Strony, rozw\u00f3d podlega prawu tej Umawiaj\u0105cej si\u0119 Strony, na kt\u00f3rej terytorium maj\u0105 oni wsp\u00f3lne miejsce zamieszkania. Je\u017celi jedno z ma\u0142\u017conk\u00f3w ma miejsce zamieszkania na terytorium jednej Umawiaj\u0105cej si\u0119 Strony, a drugie na terytorium drugiej Umawiaj\u0105cej si\u0119 Strony, w\u0142a\u015bciwe jest prawo tej Umawiaj\u0105cej si\u0119 Strony, przed kt\u00f3rej s\u0105dem toczy si\u0119 post\u0119powanie. Ww. sprawach o rozw\u00f3d w\u0142a\u015bciwy jest s\u0105d tej Umawiaj\u0105cej si\u0119 Strony, na kt\u00f3rej terytorium ma\u0142\u017conkowie maj\u0105 wsp\u00f3lne miejsce zamieszkania. Je\u017celi jedno z ma\u0142\u017conk\u00f3w ma miejsce zamieszkania na terytorium jednej Umawiaj\u0105cej si\u0119 Strony, a drugie &#8211; na terytorium drugiej Umawiaj\u0105cej si\u0119 Strony, w\u0142a\u015bciwe s\u0105 s\u0105dy obu Umawiaj\u0105cych si\u0119 Stron.<\/p>\n\n\n\n<p>S\u0105d w\u0142a\u015bciwy do orzekania w sprawie o rozw\u00f3d jest r\u00f3wnie\u017c w\u0142a\u015bciwy do orzekania o w\u0142adzy rodzicielskiej i alimentach na rzecz ma\u0142oletnich dzieci.<\/p>\n","protected":false},"excerpt":{"rendered":"<p>Zgodnie z umow\u0105 mi\u0119dzy Polsk\u0105 Rzecz\u0105pospolit\u0105 Ludow\u0105 a Czechos\u0142owack\u0105 Republik\u0105 Socjalistyczn\u0105 o pomocy prawnej i stosunkach prawnych w sprawach cywilnych, rodzinnych, pracowniczych i karnych z dnia 21 grudnia 1987 rozw\u00f3d podlega prawu tej Umawiaj\u0105cej si\u0119 Strony, kt\u00f3rej obywatelami s\u0105 ma\u0142\u017conkowie w chwili wszcz\u0119cia post\u0119powania. Ww. sprawach o rozw\u00f3d w\u0142a\u015bciwy jest s\u0105d tej Umawiaj\u0105cej si\u0119 Strony, [&hellip;]<\/p>\n","protected":false},"author":1,"featured_media":0,"comment_status":"closed","ping_status":"open","sticky":false,"template":"","format":"standard","meta":{"footnotes":""},"categories":[3],"tags":[46,28,9,47],"class_list":["post-252","post","type-post","status-publish","format-standard","hentry","category-news-pl","tag-czech","tag-obywatel","tag-rozwod","tag-slowacja"],"_links":{"self":[{"href":"https:\/\/separacja.pl\/news\/wp-json\/wp\/v2\/posts\/252","targetHints":{"allow":["GET"]}}],"collection":[{"href":"https:\/\/separacja.pl\/news\/wp-json\/wp\/v2\/posts"}],"about":[{"href":"https:\/\/separacja.pl\/news\/wp-json\/wp\/v2\/types\/post"}],"author":[{"embeddable":true,"href":"https:\/\/separacja.pl\/news\/wp-json\/wp\/v2\/users\/1"}],"replies":[{"embeddable":true,"href":"https:\/\/separacja.pl\/news\/wp-json\/wp\/v2\/comments?post=252"}],"version-history":[{"count":1,"href":"https:\/\/separacja.pl\/news\/wp-json\/wp\/v2\/posts\/252\/revisions"}],"predecessor-version":[{"id":253,"href":"https:\/\/separacja.pl\/news\/wp-json\/wp\/v2\/posts\/252\/revisions\/253"}],"wp:attachment":[{"href":"https:\/\/separacja.pl\/news\/wp-json\/wp\/v2\/media?parent=252"}],"wp:term":[{"taxonomy":"category","embeddable":true,"href":"https:\/\/separacja.pl\/news\/wp-json\/wp\/v2\/categories?post=252"},{"taxonomy":"post_tag","embeddable":true,"href":"https:\/\/separacja.pl\/news\/wp-json\/wp\/v2\/tags?post=252"}],"curies":[{"name":"wp","href":"https:\/\/api.w.org\/{rel}","templated":true}]}}