{"id":246,"date":"2023-10-03T11:38:00","date_gmt":"2023-10-03T09:38:00","guid":{"rendered":"https:\/\/separacja.pl\/news\/?p=246"},"modified":"2025-04-06T19:29:19","modified_gmt":"2025-04-06T17:29:19","slug":"rozwod-a-podzial-platnosci-bezposrednich-z-unii-europejskiej","status":"publish","type":"post","link":"https:\/\/separacja.pl\/news\/rozwod-a-podzial-platnosci-bezposrednich-z-unii-europejskiej\/","title":{"rendered":"Rozw\u00f3d a podzia\u0142 p\u0142atno\u015bci bezpo\u015brednich z Unii Europejskiej"},"content":{"rendered":"\n<p>P\u0142atno\u015bci bezpo\u015brednie s\u0105 rodzajem p\u0142atno\u015bci przyznawanych bezpo\u015brednio rolnikom z Unii Europejskiej w ramach Wsp\u00f3lnej Polityki Rolnej, kt\u00f3re maj\u0105 za zadanie wesprze\u0107 poziom dochod\u00f3w producent\u00f3w rolnych. Przys\u0142uguj\u0105 one przede wszystkim rolnikom aktywnym zawodowo, je\u017celi prowadz\u0105 dzia\u0142alno\u015b\u0107 rolnicz\u0105, a \u0142\u0105czna powierzchnia grunt\u00f3w obj\u0119tych obszarem zatwierdzonym do podstawowego wsparcia dochod\u00f3w b\u0119d\u0105cych w posiadaniu danego rolnika wynosi co najmniej 1 ha.<\/p>\n\n\n\n<p>Problem wzajemnych rozlicze\u0144 by\u0142ych ma\u0142\u017conk\u00f3w po rozwodzie i ustaniu wsp\u00f3lno\u015bci maj\u0105tkowej ma\u0142\u017ce\u0144skiej jest zdecydowanie \u017cywym zagadnieniem. Okazuje si\u0119 bowiem, \u017ce mi\u0119dzy innymi kwestia podzia\u0142u dop\u0142at bezpo\u015brednich z Unii Europejskiej jeszcze do niedawna nie by\u0142a w pe\u0142ni oczywista. S\u0105d Najwy\u017cszy zaj\u0105\u0142 swoje stanowisko w sprawie rozja\u015bniaj\u0105c wskazan\u0105 kwesti\u0119 w swoim postanowieniu z dnia 23 czerwca 2023 r., wydanym w sprawie o sygnaturze I CSK 6967\/22.<\/p>\n\n\n\n<p>Zdarza si\u0119, \u017ce sam podzia\u0142 maj\u0105tku nast\u0119puje dopiero po kilku latach od rozwodu, a przez ten czas maj\u0105tek wsp\u00f3lny mo\u017ce przynosi\u0107 dochody, kt\u00f3re powinny by\u0107 dzielone pomi\u0119dzy by\u0142ymi ma\u0142\u017conkami. Tak te\u017c by\u0142o w niniejszym przypadku. Post\u0119powanie zosta\u0142o zainicjowane przez w\u0142a\u015bcicieli gospodarstwa rolnego, kt\u00f3rzy po rozwodzie dzielili przed s\u0105dem wsp\u00f3lny maj\u0105tek, a zaistnia\u0142y pomi\u0119dzy nimi sp\u00f3r dotyczy\u0142 w\u0142a\u015bnie rozliczenia unijnych dop\u0142at. Fakt, \u017ce dop\u0142aty czasem otrzymywa\u0142 jeden z ma\u0142\u017conk\u00f3w, a czasem oboje spowodowa\u0142, \u017ce S\u0105d Rejonowy, a nast\u0119pnie S\u0105d Okr\u0119gowy wskutek podzia\u0142u gospodarstwa i zaliczenia do dorobku wszystkich dop\u0142at zas\u0105dzi\u0142y by\u0142ej \u017conie wysok\u0105 dop\u0142at\u0119 od by\u0142ego m\u0119\u017ca, na kt\u00f3rej wysoko\u015b\u0107 du\u017cy wp\u0142yw mia\u0142a mie\u0107 w\u0142a\u015bnie nadwy\u017cka dop\u0142at dla by\u0142ego m\u0119\u017ca ponad dop\u0142aty dla \u017cony. M\u0119\u017cczyzna wni\u00f3s\u0142 skarg\u0119 kasacyjn\u0105 wskazuj\u0105c na konieczno\u015b\u0107 wyk\u0142adni przepis\u00f3w prawnych (art. 46 k.r.o.) w kontek\u015bcie oceny, czy dop\u0142aty unijne od grunt\u00f3w rolnych przyznanych w ramach p\u0142atno\u015bci bezpo\u015brednich pobrane przez jedno z ma\u0142\u017conk\u00f3w lub by\u0142ych ma\u0142\u017conk\u00f3w za okres po ustaniu wsp\u00f3lno\u015bci ustawowej ma\u0142\u017ce\u0144skiej do chwili podzia\u0142u maj\u0105tku powinny by\u0107 uwzgl\u0119dniane przy ustaleniu wysoko\u015bci dochod\u00f3w ze wsp\u00f3lnego gospodarstwa podlegaj\u0105cego podzia\u0142owi oraz czy dop\u0142aty unijne pobrane po ustaniu wsp\u00f3lno\u015bci ustawowej stanowi\u0105 po\u017cytej z rzeczy w rozumieniu art. 52 \u00a7 2 k.c.<\/p>\n\n\n\n<p>S\u0105d Najwy\u017cszy w postanowieniu wskaza\u0142, \u017ce dop\u0142aty unijne powinny by\u0107 rozliczne przy podziale maj\u0105tku, bo s\u0105 dochodem z gospodarstwa rolnego, czyli z regu\u0142y maj\u0105tku dotychczas wsp\u00f3lnego. Jest to niezale\u017cne od tego czy otrzymywa\u0142 je jeden ma\u0142\u017conek czy oboje. Zdaniem S\u0105du niezale\u017cne jest to tak\u017ce od tego czy zostan\u0105 one zakwalifikowane jako doch\u00f3d z maj\u0105tku wsp\u00f3lnego czy te\u017c z maj\u0105tku odr\u0119bnego, poniewa\u017c taki doch\u00f3d niezale\u017cnie od \u017ar\u00f3d\u0142a pochodzenia powi\u0119ksza maj\u0105tek wsp\u00f3lny. Tego rodzaju wierzytelno\u015bci stanowi\u0105 wi\u0119c doch\u00f3d, kt\u00f3ry podlega zaliczeniu do maj\u0105tku dorobkowego stron i podlega podzia\u0142owi.<\/p>\n","protected":false},"excerpt":{"rendered":"<p>P\u0142atno\u015bci bezpo\u015brednie s\u0105 rodzajem p\u0142atno\u015bci przyznawanych bezpo\u015brednio rolnikom z Unii Europejskiej w ramach Wsp\u00f3lnej Polityki Rolnej, kt\u00f3re maj\u0105 za zadanie wesprze\u0107 poziom dochod\u00f3w producent\u00f3w rolnych. Przys\u0142uguj\u0105 one przede wszystkim rolnikom aktywnym zawodowo, je\u017celi prowadz\u0105 dzia\u0142alno\u015b\u0107 rolnicz\u0105, a \u0142\u0105czna powierzchnia grunt\u00f3w obj\u0119tych obszarem zatwierdzonym do podstawowego wsparcia dochod\u00f3w b\u0119d\u0105cych w posiadaniu danego rolnika wynosi co najmniej [&hellip;]<\/p>\n","protected":false},"author":1,"featured_media":0,"comment_status":"closed","ping_status":"open","sticky":false,"template":"","format":"standard","meta":{"footnotes":""},"categories":[3],"tags":[51,50,9],"class_list":["post-246","post","type-post","status-publish","format-standard","hentry","category-news-pl","tag-platnosci-bezposrednie","tag-podzial","tag-rozwod"],"_links":{"self":[{"href":"https:\/\/separacja.pl\/news\/wp-json\/wp\/v2\/posts\/246","targetHints":{"allow":["GET"]}}],"collection":[{"href":"https:\/\/separacja.pl\/news\/wp-json\/wp\/v2\/posts"}],"about":[{"href":"https:\/\/separacja.pl\/news\/wp-json\/wp\/v2\/types\/post"}],"author":[{"embeddable":true,"href":"https:\/\/separacja.pl\/news\/wp-json\/wp\/v2\/users\/1"}],"replies":[{"embeddable":true,"href":"https:\/\/separacja.pl\/news\/wp-json\/wp\/v2\/comments?post=246"}],"version-history":[{"count":1,"href":"https:\/\/separacja.pl\/news\/wp-json\/wp\/v2\/posts\/246\/revisions"}],"predecessor-version":[{"id":247,"href":"https:\/\/separacja.pl\/news\/wp-json\/wp\/v2\/posts\/246\/revisions\/247"}],"wp:attachment":[{"href":"https:\/\/separacja.pl\/news\/wp-json\/wp\/v2\/media?parent=246"}],"wp:term":[{"taxonomy":"category","embeddable":true,"href":"https:\/\/separacja.pl\/news\/wp-json\/wp\/v2\/categories?post=246"},{"taxonomy":"post_tag","embeddable":true,"href":"https:\/\/separacja.pl\/news\/wp-json\/wp\/v2\/tags?post=246"}],"curies":[{"name":"wp","href":"https:\/\/api.w.org\/{rel}","templated":true}]}}