{"id":240,"date":"2023-07-03T11:34:00","date_gmt":"2023-07-03T09:34:00","guid":{"rendered":"https:\/\/separacja.pl\/news\/?p=240"},"modified":"2025-04-06T19:32:37","modified_gmt":"2025-04-06T17:32:37","slug":"obowiazek-orzekania-o-wspolnym-mieszkaniu-malzonkow","status":"publish","type":"post","link":"https:\/\/separacja.pl\/news\/obowiazek-orzekania-o-wspolnym-mieszkaniu-malzonkow\/","title":{"rendered":"Obowi\u0105zek orzekania o wsp\u00f3lnym mieszkaniu ma\u0142\u017conk\u00f3w"},"content":{"rendered":"\n<p>Rozwi\u0105zuj\u0105c istniej\u0105cy zwi\u0105zek ma\u0142\u017ce\u0144ski, s\u0105d podejmuje decyzje dotycz\u0105ce r\u00f3\u017cnych aspekt\u00f3w dotychczasowego wsp\u00f3lnego \u017cycia ma\u0142\u017conk\u00f3w. Jednym z tych obszar\u00f3w s\u0105 decyzje dotycz\u0105ce korzystania ze wsp\u00f3lnego mieszkania ma\u0142\u017conk\u00f3w. Stanowi o tym art. 58 \u00a7 4 kodeksu rodzinnego i opieku\u0144czego, okre\u015blaj\u0105cy przes\u0142anki na jakich powinna opiera\u0107 si\u0119 decyzja s\u0105du:<\/p>\n\n\n\n<p>&#8222;<em>Orzekaj\u0105c o wsp\u00f3lnym mieszkaniu ma\u0142\u017conk\u00f3w s\u0105d uwzgl\u0119dnia przede wszystkim potrzeby dzieci i ma\u0142\u017conka, kt\u00f3remu powierza wykonywanie w\u0142adzy rodzicielskiej.<\/em>&#8221; Na podstawie powy\u017cszego przepisu wynik\u0142 problem czy sformu\u0142owanie: &#8222;wsp\u00f3lnego mieszkania&#8221; odnosi si\u0119 do ka\u017cdego przypadku, kiedy s\u0105d orzeka w przedmiocie wsp\u00f3lnego mieszkania czy tylko sytuacji kiedy znosi ma\u0142\u017ce\u0144sk\u0105 wsp\u00f3lno\u015b\u0107 maj\u0105tkow\u0105. S\u0105d Najwy\u017cszy postanowieniem z dnia 21 wrze\u015bnia 2022 roku o sygn.. akt: I CSK 2590\/22, rozstrzygn\u0105\u0142, i\u017c sformu\u0142owanie z art. 58 \u00a7 4 k.r.o ma zastosowanie do \u201eZ j\u0119zykowej wyk\u0142adni art. 58 \u00a7 4 k.r.o. wynika, \u017ce przepis ten <mark style=\"background-color:rgba(0, 0, 0, 0)\" class=\"has-inline-color has-contrast-color\">dotyczy ka\u017cdego przypadku, kiedy s\u0105d orzeka o wsp\u00f3lnym mieszkaniu ma\u0142\u017conk\u00f3w<\/mark>, nie tylko sytuacji zniesienia wsp\u00f3lno\u015bci maj\u0105tkowej ka\u017cdego przypadku orzekania przez s\u0105d o wsp\u00f3lnym mieszkaniu ma\u0142\u017conk\u00f3w.\u201d Argumentacja S\u0105du Najwy\u017cszego by\u0142a oparta zar\u00f3wno na wyk\u0142adni j\u0119zykowej jak i systemowej: &#8222;<em>Za takim rozumieniem przemawia r\u00f3wnie\u017c wyk\u0142adnia systemowa, gdy\u017c przepis ten zosta\u0142 umieszczony w dziale reguluj\u0105cym ustanie ma\u0142\u017ce\u0144stwa, nie za\u015b zniesienie ustawowego ma\u0142\u017ce\u0144skiego ustroju maj\u0105tkowego<\/em>&#8221; Innymi s\u0142owy, niezale\u017cnie od istniej\u0105cych pomi\u0119dzy ma\u0142\u017conkami ustrojami maj\u0105tkowymi, decyzja s\u0105du b\u0119dzie opiera\u0107 si\u0119 na tre\u015bci przepisu art. 58 \u00a7 4 k.r.o.<\/p>\n","protected":false},"excerpt":{"rendered":"<p>Rozwi\u0105zuj\u0105c istniej\u0105cy zwi\u0105zek ma\u0142\u017ce\u0144ski, s\u0105d podejmuje decyzje dotycz\u0105ce r\u00f3\u017cnych aspekt\u00f3w dotychczasowego wsp\u00f3lnego \u017cycia ma\u0142\u017conk\u00f3w. Jednym z tych obszar\u00f3w s\u0105 decyzje dotycz\u0105ce korzystania ze wsp\u00f3lnego mieszkania ma\u0142\u017conk\u00f3w. Stanowi o tym art. 58 \u00a7 4 kodeksu rodzinnego i opieku\u0144czego, okre\u015blaj\u0105cy przes\u0142anki na jakich powinna opiera\u0107 si\u0119 decyzja s\u0105du: &#8222;Orzekaj\u0105c o wsp\u00f3lnym mieszkaniu ma\u0142\u017conk\u00f3w s\u0105d uwzgl\u0119dnia przede wszystkim [&hellip;]<\/p>\n","protected":false},"author":1,"featured_media":0,"comment_status":"closed","ping_status":"open","sticky":false,"template":"","format":"standard","meta":{"footnotes":""},"categories":[3],"tags":[42,49,58,57],"class_list":["post-240","post","type-post","status-publish","format-standard","hentry","category-news-pl","tag-majatek","tag-mieszkanie","tag-orzeczenie","tag-wspolne"],"_links":{"self":[{"href":"https:\/\/separacja.pl\/news\/wp-json\/wp\/v2\/posts\/240","targetHints":{"allow":["GET"]}}],"collection":[{"href":"https:\/\/separacja.pl\/news\/wp-json\/wp\/v2\/posts"}],"about":[{"href":"https:\/\/separacja.pl\/news\/wp-json\/wp\/v2\/types\/post"}],"author":[{"embeddable":true,"href":"https:\/\/separacja.pl\/news\/wp-json\/wp\/v2\/users\/1"}],"replies":[{"embeddable":true,"href":"https:\/\/separacja.pl\/news\/wp-json\/wp\/v2\/comments?post=240"}],"version-history":[{"count":1,"href":"https:\/\/separacja.pl\/news\/wp-json\/wp\/v2\/posts\/240\/revisions"}],"predecessor-version":[{"id":241,"href":"https:\/\/separacja.pl\/news\/wp-json\/wp\/v2\/posts\/240\/revisions\/241"}],"wp:attachment":[{"href":"https:\/\/separacja.pl\/news\/wp-json\/wp\/v2\/media?parent=240"}],"wp:term":[{"taxonomy":"category","embeddable":true,"href":"https:\/\/separacja.pl\/news\/wp-json\/wp\/v2\/categories?post=240"},{"taxonomy":"post_tag","embeddable":true,"href":"https:\/\/separacja.pl\/news\/wp-json\/wp\/v2\/tags?post=240"}],"curies":[{"name":"wp","href":"https:\/\/api.w.org\/{rel}","templated":true}]}}