{"id":214,"date":"2022-06-03T11:07:00","date_gmt":"2022-06-03T09:07:00","guid":{"rendered":"https:\/\/separacja.pl\/news\/?p=214"},"modified":"2025-04-06T19:46:43","modified_gmt":"2025-04-06T17:46:43","slug":"eksmisja-agresywnego-malzonka-z-mieszkania","status":"publish","type":"post","link":"https:\/\/separacja.pl\/news\/eksmisja-agresywnego-malzonka-z-mieszkania\/","title":{"rendered":"Eksmisja agresywnego ma\u0142\u017conka z mieszkania"},"content":{"rendered":"\n<p>W przypadku konfliktu mi\u0119dzy ma\u0142\u017conkami dochodzi czasem do stosowania przemocy<\/p>\n\n\n\n<p>Warto wiedzie\u0107, \u017ce zgodnie z art. 11a ustawy z dnia 29 lipca 2005 r. o przeciwdzia\u0142aniu przemocy w rodzinie (Dz. U. z 2021 r. poz. 1249) je\u017celi cz\u0142onek rodziny wsp\u00f3lnie zajmuj\u0105cy mieszkanie, swoim zachowaniem polegaj\u0105cym na stosowaniu przemocy w rodzinie czyni szczeg\u00f3lnie uci\u0105\u017cliwym wsp\u00f3lne zamieszkiwanie, osoba dotkni\u0119ta t\u0105 przemoc\u0105 mo\u017ce \u017c\u0105da\u0107, aby s\u0105d zobowi\u0105za\u0142 go do opuszczenia wsp\u00f3lnie zajmowanego mieszkania i jego bezpo\u015bredniego otoczenia lub zakaza\u0142 zbli\u017cania si\u0119 do mieszkania i jego bezpo\u015bredniego otoczenia.<\/p>\n\n\n\n<p>Nakaz s\u0105du do opuszczenia mieszkania mo\u017cna uzyska\u0107 r\u00f3wnie\u017c w przypadku, gdy:<\/p>\n\n\n\n<ul class=\"wp-block-list\">\n<li>osoba dotkni\u0119ta przemoc\u0105 w rodzinie opu\u015bci\u0142a wsp\u00f3lnie zajmowane mieszkanie z powodu stosowania wobec niej przemocy w tym mieszkaniu;<\/li>\n\n\n\n<li>cz\u0142onek rodziny stosuj\u0105cy przemoc w rodzinie opu\u015bci\u0142 wsp\u00f3lnie zajmowane mieszkanie;<\/li>\n\n\n\n<li>ma\u0142\u017conek, wst\u0119pny, zst\u0119pny, rodze\u0144stwo, powinowaty w tej samej linii lub stopniu, osoba pozostaj\u0105ca w stosunku przysposobienia oraz jej ma\u0142\u017conek, a tak\u017ce osoba pozostaj\u0105ca we wsp\u00f3lnym po\u017cyciu oraz inna osoba stosuj\u0105ca przemoc w rodzinie, okresowo lub nieregularnie przebywa w mieszkaniu wsp\u00f3lnie z osob\u0105 dotkni\u0119t\u0105 przemoc\u0105 w rodzinie.<\/li>\n<\/ul>\n\n\n\n<p>Osoba pe\u0142noletnia, kt\u00f3ra pozosta\u0142a w mieszkaniu przez czas niezamieszkiwania w nim osoby stosuj\u0105cej przemoc w rodzinie, w zwi\u0105zku z wydaniem wobec niej nakazu opuszczenia mieszkania jest obowi\u0105zana do ponoszenia op\u0142at za dostawy do tego mieszkania energii, gazu, wody oraz odbi\u00f3r \u015bciek\u00f3w, odpad\u00f3w i nieczysto\u015bci ciek\u0142ych oraz czynsz lub koszty bie\u017c\u0105cego zarz\u0105dzania nieruchomo\u015bci\u0105, chyba \u017ce wzgl\u0119dem niej osoba stosuj\u0105ca przemoc w rodzinie jest obowi\u0105zana do \u015bwiadcze\u0144 alimentacyjnych.<\/p>\n\n\n\n<p>Wniosek o zobowi\u0105zanie osoby stosuj\u0105cej przemoc w rodzinie do opuszczenia wsp\u00f3lnie zajmowanego mieszkania i jego bezpo\u015bredniego otoczenia lub zakazanie zbli\u017cania si\u0119 do mieszkania i jego bezpo\u015bredniego otoczenia mo\u017ce by\u0107 z\u0142o\u017cony na urz\u0119dowym formularzu.<\/p>\n\n\n\n<p>S\u0105d orzeka w sprawie po przeprowadzeniu rozprawy. Odpis wniosku lub innych pism s\u0105d dor\u0119cza r\u00f3wnie\u017c prokuratorowi i zawiadamia go o terminach rozprawy. S\u0105d orzeka w terminie jednego miesi\u0105ca od dnia wniesienia wniosku.<\/p>\n\n\n\n<p>S\u0105d w postanowieniu wskazuje obszar lub odleg\u0142o\u015b\u0107 od wsp\u00f3lnie zajmowanego mieszkania, kt\u00f3r\u0105 osoba stosuj\u0105ca przemoc w rodzinie jest obowi\u0105zana zachowa\u0107.<\/p>\n\n\n\n<p>Postanowienie o zobowi\u0105zaniu osoby stosuj\u0105cej przemoc w rodzinie do opuszczenia wsp\u00f3lnie zajmowanego mieszkania i jego bezpo\u015bredniego otoczenia lub zakazaniu zbli\u017cania si\u0119 do mieszkania i jego bezpo\u015bredniego otoczenia jest skuteczne i wykonalne z chwil\u0105 og\u0142oszenia. S\u0105d mo\u017ce je zmieni\u0107 lub uchyli\u0107 w razie zmiany okoliczno\u015bci, nawet gdy jest prawomocne.<\/p>\n\n\n\n<p>Termin do z\u0142o\u017cenia wniosku o uzasadnienie biegnie od dnia og\u0142oszenia postanowienia. Je\u017celi do apelacji nie do\u0142\u0105czono jej odpis\u00f3w, s\u0105d sporz\u0105dza i dor\u0119cza odpis apelacji. Termin do wniesienia odpowiedzi na apelacj\u0119 jest tygodniowy.S\u0105d drugiej instancji orzeka w terminie jednego miesi\u0105ca od przedstawienia akt sprawy przez s\u0105d pierwszej instancji wraz z apelacj\u0105.<\/p>\n","protected":false},"excerpt":{"rendered":"<p>W przypadku konfliktu mi\u0119dzy ma\u0142\u017conkami dochodzi czasem do stosowania przemocy Warto wiedzie\u0107, \u017ce zgodnie z art. 11a ustawy z dnia 29 lipca 2005 r. o przeciwdzia\u0142aniu przemocy w rodzinie (Dz. U. z 2021 r. poz. 1249) je\u017celi cz\u0142onek rodziny wsp\u00f3lnie zajmuj\u0105cy mieszkanie, swoim zachowaniem polegaj\u0105cym na stosowaniu przemocy w rodzinie czyni szczeg\u00f3lnie uci\u0105\u017cliwym wsp\u00f3lne zamieszkiwanie, [&hellip;]<\/p>\n","protected":false},"author":1,"featured_media":0,"comment_status":"closed","ping_status":"open","sticky":false,"template":"","format":"standard","meta":{"footnotes":""},"categories":[3],"tags":[87,83,60,49,88],"class_list":["post-214","post","type-post","status-publish","format-standard","hentry","category-news-pl","tag-agresja","tag-eksmisja","tag-malzonek","tag-mieszkanie","tag-przemoc"],"_links":{"self":[{"href":"https:\/\/separacja.pl\/news\/wp-json\/wp\/v2\/posts\/214","targetHints":{"allow":["GET"]}}],"collection":[{"href":"https:\/\/separacja.pl\/news\/wp-json\/wp\/v2\/posts"}],"about":[{"href":"https:\/\/separacja.pl\/news\/wp-json\/wp\/v2\/types\/post"}],"author":[{"embeddable":true,"href":"https:\/\/separacja.pl\/news\/wp-json\/wp\/v2\/users\/1"}],"replies":[{"embeddable":true,"href":"https:\/\/separacja.pl\/news\/wp-json\/wp\/v2\/comments?post=214"}],"version-history":[{"count":1,"href":"https:\/\/separacja.pl\/news\/wp-json\/wp\/v2\/posts\/214\/revisions"}],"predecessor-version":[{"id":215,"href":"https:\/\/separacja.pl\/news\/wp-json\/wp\/v2\/posts\/214\/revisions\/215"}],"wp:attachment":[{"href":"https:\/\/separacja.pl\/news\/wp-json\/wp\/v2\/media?parent=214"}],"wp:term":[{"taxonomy":"category","embeddable":true,"href":"https:\/\/separacja.pl\/news\/wp-json\/wp\/v2\/categories?post=214"},{"taxonomy":"post_tag","embeddable":true,"href":"https:\/\/separacja.pl\/news\/wp-json\/wp\/v2\/tags?post=214"}],"curies":[{"name":"wp","href":"https:\/\/api.w.org\/{rel}","templated":true}]}}