{"id":203,"date":"2022-01-04T10:47:00","date_gmt":"2022-01-04T09:47:00","guid":{"rendered":"https:\/\/separacja.pl\/news\/?p=203"},"modified":"2025-04-06T19:51:02","modified_gmt":"2025-04-06T17:51:02","slug":"konkubinat-to-nie-malzenstwo","status":"publish","type":"post","link":"https:\/\/separacja.pl\/news\/konkubinat-to-nie-malzenstwo\/","title":{"rendered":"Konkubinat  to nie ma\u0142\u017ce\u0144stwo"},"content":{"rendered":"\n<p>S\u0105dy przypominaj\u0105, \u017ce konkubinat nie jest ma\u0142\u017ce\u0144stwem. Przyk\u0142adowo w wyroku z dnia 24 lutego 2021 r. (I ACa 337\/20) S\u0105d Apelacyjny w Szczecinie podkre\u015bli\u0142, \u017ce &#8222;konkubinat sam przez si\u0119 nie mo\u017ce by\u0107 \u017ar\u00f3d\u0142em \u017cadnych praw i obowi\u0105zk\u00f3w uregulowanych w kodeksie rodzinnym i opieku\u0144czym. Z tego wzgl\u0119du do konkubinatu nie mo\u017cna &#8211; nawet przez analogi\u0119 &#8211; stosowa\u0107 przepis\u00f3w o ma\u0142\u017ce\u0144stwie. Odnosi si\u0119 to r\u00f3wnie\u017c do zawartych w kodeksie rodzinnym i opieku\u0144czym przepis\u00f3w dotycz\u0105cych stosunk\u00f3w maj\u0105tkowych ma\u0142\u017ce\u0144skich, w tym rozlicze\u0144 nast\u0119puj\u0105cych po ustaniu wsp\u00f3lno\u015bci. Odmienna wyk\u0142adnia oznacza\u0142aby bowiem zr\u00f3wnanie w pewnym zakresie ma\u0142\u017ce\u0144stwa oraz zwi\u0105zku nieformalnego, do czego brak podstawy prawnej. Z drugiej strony nie budzi w\u0105tpliwo\u015bci konieczno\u015b\u0107 dokonania rozlicze\u0144 maj\u0105tkowych po ustaniu konkubinatu.\u201d. Wcze\u015bniej podobnie orzek\u0142 S\u0105d Okr\u0119gowy w Olsztynie (postanowienie z dnia 13 listopada 2019 r.IX Ca 1195\/19) stwierdzaj\u0105c, \u017ce \u201enie ma podstaw do stosowania w przypadku rozliczenia konkubinatu przepis\u00f3w dotycz\u0105cych ma\u0142\u017ce\u0144skich stosunk\u00f3w maj\u0105tkowych, nawet w drodze analogii poniewa\u017c oznacza\u0142oby to de facto zr\u00f3wnanie pod tym wzgl\u0119dem ma\u0142\u017ce\u0144stwa i konkubinatu &#8211; do czego nie ma prawnej podstawy. W szczeg\u00f3lno\u015bci za\u015b dlatego, \u017ce burzy\u0142oby to ukszta\u0142towany system prawny, w kt\u00f3rym konkubinat zosta\u0142 \u015bwiadomie uznany za nie podlegaj\u0105cy regulacji przez przepisy kodeksu rodzinnego i opieku\u0144czego\u201d. Dlatego zw\u0142aszcza s\u0142absza ekonomicznie strona konkubinatu (zwykle kobieta) powinna d\u0105\u017cy\u0107 do zawarcia ma\u0142\u017ce\u0144stwa, gdy\u017c konkubinat nara\u017c\u0105 j\u0105 na du\u017ce ryzyko prawne i finansowe.<\/p>\n","protected":false},"excerpt":{"rendered":"<p>S\u0105dy przypominaj\u0105, \u017ce konkubinat nie jest ma\u0142\u017ce\u0144stwem. Przyk\u0142adowo w wyroku z dnia 24 lutego 2021 r. (I ACa 337\/20) S\u0105d Apelacyjny w Szczecinie podkre\u015bli\u0142, \u017ce &#8222;konkubinat sam przez si\u0119 nie mo\u017ce by\u0107 \u017ar\u00f3d\u0142em \u017cadnych praw i obowi\u0105zk\u00f3w uregulowanych w kodeksie rodzinnym i opieku\u0144czym. Z tego wzgl\u0119du do konkubinatu nie mo\u017cna &#8211; nawet przez analogi\u0119 &#8211; [&hellip;]<\/p>\n","protected":false},"author":1,"featured_media":0,"comment_status":"closed","ping_status":"open","sticky":false,"template":"","format":"standard","meta":{"footnotes":""},"categories":[3],"tags":[64,59,37,30],"class_list":["post-203","post","type-post","status-publish","format-standard","hentry","category-news-pl","tag-kodeks","tag-konkubinat","tag-malzenstwo","tag-prawo"],"_links":{"self":[{"href":"https:\/\/separacja.pl\/news\/wp-json\/wp\/v2\/posts\/203","targetHints":{"allow":["GET"]}}],"collection":[{"href":"https:\/\/separacja.pl\/news\/wp-json\/wp\/v2\/posts"}],"about":[{"href":"https:\/\/separacja.pl\/news\/wp-json\/wp\/v2\/types\/post"}],"author":[{"embeddable":true,"href":"https:\/\/separacja.pl\/news\/wp-json\/wp\/v2\/users\/1"}],"replies":[{"embeddable":true,"href":"https:\/\/separacja.pl\/news\/wp-json\/wp\/v2\/comments?post=203"}],"version-history":[{"count":1,"href":"https:\/\/separacja.pl\/news\/wp-json\/wp\/v2\/posts\/203\/revisions"}],"predecessor-version":[{"id":204,"href":"https:\/\/separacja.pl\/news\/wp-json\/wp\/v2\/posts\/203\/revisions\/204"}],"wp:attachment":[{"href":"https:\/\/separacja.pl\/news\/wp-json\/wp\/v2\/media?parent=203"}],"wp:term":[{"taxonomy":"category","embeddable":true,"href":"https:\/\/separacja.pl\/news\/wp-json\/wp\/v2\/categories?post=203"},{"taxonomy":"post_tag","embeddable":true,"href":"https:\/\/separacja.pl\/news\/wp-json\/wp\/v2\/tags?post=203"}],"curies":[{"name":"wp","href":"https:\/\/api.w.org\/{rel}","templated":true}]}}