{"id":195,"date":"2021-09-03T10:36:00","date_gmt":"2021-09-03T08:36:00","guid":{"rendered":"https:\/\/separacja.pl\/news\/?p=195"},"modified":"2025-04-06T19:55:19","modified_gmt":"2025-04-06T17:55:19","slug":"kontakty-z-dzieckiem-a-dobra-osobiste","status":"publish","type":"post","link":"https:\/\/separacja.pl\/news\/kontakty-z-dzieckiem-a-dobra-osobiste\/","title":{"rendered":"Kontakty z dzieckiem a dobra osobiste"},"content":{"rendered":"\n<p>Pow\u00f3d wyst\u0105pi\u0142 z pow\u00f3dztwem przeciwko pozwanej o usuni\u0119cie skutk\u00f3w naruszenia d\u00f3b osobistych poprzez zaniechanie przez pozwan\u0105 dalszego uniemo\u017cliwiania powodowi kontakt\u00f3w z ma\u0142oletni\u0105 c\u00f3rk\u0105 stron. S\u0105d Apelacyjny dokona\u0142 dok\u0142adnej analizy materia\u0142u dowodowego, aby ustali\u0107 dopuszczalno\u015b\u0107 spe\u0142nienia \u017c\u0105da\u0144 Powoda.<\/p>\n\n\n\n<p>Strony pozna\u0142y si\u0119 w Austrii. Zanim urodzi\u0142a si\u0119 ich c\u00f3rka Pozwana wr\u00f3ci\u0142a do Polski gdzie wychowywa\u0142a dziecko. Po czasie Pozwana zainicjowa\u0142a nawi\u0105zanie kontaktu ojca z c\u00f3rk\u0105. Spotkania odbywa\u0142y si\u0119 w Polsce, zawsze w obecno\u015bci matki, \u015brednio od czterech do pi\u0119ciu razy w roku. Ka\u017cdorazowo spotkania trwa\u0142y oko\u0142o 45 minut. W tym czasie zainteresowani najcz\u0119\u015bciej spo\u017cywali posi\u0142ki, rozmawiali, bawili si\u0119, czy te\u017c robili zakupy. W czasie ka\u017cdego z tych spotka\u0144 dochodzi\u0142o mi\u0119dzy stronami do k\u0142\u00f3tni, a nawet awantur, kt\u00f3rych przyczyn\u0105 by\u0142y w szczeg\u00f3lno\u015bci rozliczenia finansowe mi\u0119dzy by\u0142ymi partnerami, zakup okre\u015blonych rzeczy i ich finansowanie przez powoda. Je\u017celi chodzi o wi\u0119\u017a \u0142\u0105cz\u0105ca Powoda z c\u00f3rk\u0105, nale\u017cy uzna\u0107, \u017ce relacje ich by\u0142y dobre. Dziewczynka nie ba\u0142a si\u0119 ojca, ch\u0119tnie sp\u0119dza\u0142a z nim czas.<\/p>\n\n\n\n<p>Ze wzgl\u0119du na ci\u0105g\u0142e k\u0142\u00f3tnie stron spowodowane finansami dosz\u0142o do os\u0142abienia, a nawet uniemo\u017cliwiania kontakt\u00f3w Powoda z c\u00f3rk\u0105. Pow\u00f3d wystosowa\u0142 pozew, w kt\u00f3rym zarzuci\u0142 Pozwanej, \u017ce ta w okresie od czerwca 2015 r. do sierpnia 2016 r. godzi\u0142a w jego dobro osobiste w postaci \u0142\u0105cz\u0105cej go z c\u00f3rk\u0105 wi\u0119zi uczuciowej, ograniczaj\u0105c kontakty osobiste powoda z dzieckiem, a tak\u017ce kontakty realizowane telefonicznie i przy wykorzystaniu komunikator\u00f3w elektronicznych doprowadzaj\u0105c do niemal\u017ce ca\u0142kowitego zerwania tych kontakt\u00f3w. Na skutek zerwania kontakt\u00f3w z c\u00f3rk\u0105 pow\u00f3d dozna\u0142 w analizowanym okresie krzywdy, b\u00f3lu i cierpie\u0144 emocjonalnych.<\/p>\n\n\n\n<p>Maj\u0105c na uwadze charakter naruszonego dobra osobistego powoda, S\u0105d nakaza\u0142 pozwanej zaniechania dalszego uniemo\u017cliwiania powodowi kontakt\u00f3w z ma\u0142oletni\u0105 c\u00f3rk\u0105. Od tego orzeczenia apelacje wnios\u0142y obie strony.<\/p>\n\n\n\n<p>W istocie niesporne mi\u0119dzy stronami by\u0142y okoliczno\u015bci zwi\u0105zane z przebiegiem kontakt\u00f3w mi\u0119dzy powodem a ma\u0142oletni\u0105 c\u00f3rk\u0105 stron. Ka\u017cda ze stron odmiennie jedynie przedstawia\u0142a przyczyny konflikt\u00f3w, jakie w zwi\u0105zku z tym si\u0119 pojawia\u0142y oraz motywy zachowania drugiego z rodzic\u00f3w.<\/p>\n\n\n\n<p>S\u0105d odwo\u0142awczy podzieli\u0142 pogl\u0105d s\u0105du I instancji, \u017ce&nbsp;wi\u0119\u017a osobista i emocjonalna z najbli\u017cszymi cz\u0142onkami rodziny mo\u017ce by\u0107 zaliczona do kategorii d\u00f3br osobistych w rozumieniu przepisu&nbsp;art. 23&nbsp;k.c., podlegaj\u0105cych ochronie na podstawie przepis\u00f3w&nbsp;art. 24&nbsp;k.c. oraz&nbsp;art. 448&nbsp;k.c. S\u0105d Apelacyjny nie zosta\u0142 przekonany jakoby naruszane zosta\u0142y dobra osobiste Powoda, bowiem sama prawo do kultywowania wi\u0119zi ze wsp\u00f3lnym dzieckiem nie zosta\u0142o naruszone. Zdaniem S\u0105du Apelacyjnego nawet, je\u017celi taka postawa pozwanej stanowi\u0142a naruszenie warunk\u00f3w wynikaj\u0105cych z ww. postanowienia z dnia 17 kwietnia 2015 r., (ustalenie kontakt\u00f3w z dzie\u0107mi) to nie by\u0142a ona r\u00f3wnoznaczna z naruszeniem zdefiniowanych wy\u017cej d\u00f3br osobistych powoda do utrzymywania wi\u0119zi z dzieckiem. O ile bowiem pow\u00f3d chcia\u0142 realizowa\u0107 przyznane mu uprawnienia zgodnie z w\u0142asn\u0105 interpretacj\u0105 tego orzeczenia, to winien wszcz\u0105\u0107 post\u0119powanie o jego przymusowe wykonanie, uregulowane w przepisach procedury cywilnej (egzekucja wyroku).<\/p>\n","protected":false},"excerpt":{"rendered":"<p>Pow\u00f3d wyst\u0105pi\u0142 z pow\u00f3dztwem przeciwko pozwanej o usuni\u0119cie skutk\u00f3w naruszenia d\u00f3b osobistych poprzez zaniechanie przez pozwan\u0105 dalszego uniemo\u017cliwiania powodowi kontakt\u00f3w z ma\u0142oletni\u0105 c\u00f3rk\u0105 stron. S\u0105d Apelacyjny dokona\u0142 dok\u0142adnej analizy materia\u0142u dowodowego, aby ustali\u0107 dopuszczalno\u015b\u0107 spe\u0142nienia \u017c\u0105da\u0144 Powoda. Strony pozna\u0142y si\u0119 w Austrii. Zanim urodzi\u0142a si\u0119 ich c\u00f3rka Pozwana wr\u00f3ci\u0142a do Polski gdzie wychowywa\u0142a dziecko. Po [&hellip;]<\/p>\n","protected":false},"author":1,"featured_media":0,"comment_status":"closed","ping_status":"open","sticky":false,"template":"","format":"standard","meta":{"footnotes":""},"categories":[3],"tags":[102,101,103,100,20],"class_list":["post-195","post","type-post","status-publish","format-standard","hentry","category-news-pl","tag-dobra-osobiste","tag-dziecko","tag-klotnia","tag-kontakty","tag-procedura"],"_links":{"self":[{"href":"https:\/\/separacja.pl\/news\/wp-json\/wp\/v2\/posts\/195","targetHints":{"allow":["GET"]}}],"collection":[{"href":"https:\/\/separacja.pl\/news\/wp-json\/wp\/v2\/posts"}],"about":[{"href":"https:\/\/separacja.pl\/news\/wp-json\/wp\/v2\/types\/post"}],"author":[{"embeddable":true,"href":"https:\/\/separacja.pl\/news\/wp-json\/wp\/v2\/users\/1"}],"replies":[{"embeddable":true,"href":"https:\/\/separacja.pl\/news\/wp-json\/wp\/v2\/comments?post=195"}],"version-history":[{"count":2,"href":"https:\/\/separacja.pl\/news\/wp-json\/wp\/v2\/posts\/195\/revisions"}],"predecessor-version":[{"id":466,"href":"https:\/\/separacja.pl\/news\/wp-json\/wp\/v2\/posts\/195\/revisions\/466"}],"wp:attachment":[{"href":"https:\/\/separacja.pl\/news\/wp-json\/wp\/v2\/media?parent=195"}],"wp:term":[{"taxonomy":"category","embeddable":true,"href":"https:\/\/separacja.pl\/news\/wp-json\/wp\/v2\/categories?post=195"},{"taxonomy":"post_tag","embeddable":true,"href":"https:\/\/separacja.pl\/news\/wp-json\/wp\/v2\/tags?post=195"}],"curies":[{"name":"wp","href":"https:\/\/api.w.org\/{rel}","templated":true}]}}