{"id":181,"date":"2021-02-05T10:15:00","date_gmt":"2021-02-05T09:15:00","guid":{"rendered":"https:\/\/separacja.pl\/news\/?p=181"},"modified":"2025-04-06T20:03:55","modified_gmt":"2025-04-06T18:03:55","slug":"opieka-naprzemienna-i-jej-wplyw-na-500","status":"publish","type":"post","link":"https:\/\/separacja.pl\/news\/opieka-naprzemienna-i-jej-wplyw-na-500\/","title":{"rendered":"Opieka naprzemienna i jej wp\u0142yw na 500+"},"content":{"rendered":"\n<p>Zgodnie z art. 5 ustawy z dnia 11 lutego 2016 r. o pomocy pa\u0144stwa w wychowywaniu dzieci, \u015bwiadczenie wychowawcze, powszechnie okre\u015blane jako 500+, przys\u0142uguje w okre\u015blonych przypadkach rodzicom i opiekunom dziecka, kt\u00f3re nie uko\u0144czy\u0142o 18 lat.<\/p>\n\n\n\n<p>Art. 5 tej ustawy stanowi, i\u017c w przypadku gdy dziecko, zgodnie z orzeczeniem s\u0105du, jest pod opiek\u0105 naprzemienn\u0105 obydwojga rodzic\u00f3w rozwiedzionych, \u017cyj\u0105cych w separacji lub \u017cyj\u0105cych w roz\u0142\u0105czeniu sprawowan\u0105 w por\u00f3wnywalnych i powtarzaj\u0105cych si\u0119 okresach, kwot\u0119 \u015bwiadczenia wychowawczego ustala si\u0119 ka\u017cdemu z rodzic\u00f3w w wysoko\u015bci po\u0142owy kwoty przys\u0142uguj\u0105cego za dany miesi\u0105c \u015bwiadczenia wychowawczego.<\/p>\n\n\n\n<p>W wyroku z 26 lutego 2019 r. I OSK 878\/17 Naczelny S\u0105d Administracyjny rozwa\u017cy\u0142 sytuacj\u0119, gdy orzeczenie s\u0105du w przedmiocie relacji rozwiedzionych rodzic\u00f3w z dzie\u0107mi zapad\u0142o przed pojawieniem si\u0119 w przepisach instytucji opieki naprzemiennej (czyli przed 1 kwietnia 2016 r.). S\u0105d wskaza\u0142, \u017ce nie mo\u017cna orzecze\u0144 i ug\u00f3d zapadaj\u0105cych w przesz\u0142o\u015bci ocenia\u0107 na tle obecnych regulacji i wymaga\u0107 u\u017cycia w nich omawianego zwrotu prawnego. Taki warunek jest mo\u017cliwy do realizacji i mo\u017ce by\u0107 wymagany tylko w odniesieniu do orzecze\u0144 wydanych czy ug\u00f3d zawartych po dniu wej\u015bcia w \u017cycie ustawy. W stosunku do wcze\u015bniejszych orzecze\u0144 kwesti\u0119 t\u0119 trzeba ocenia\u0107 z uwzgl\u0119dnieniem cech i cel\u00f3w tej instytucji.<\/p>\n\n\n\n<p>S\u0105d oceniaj\u0105c cel opieki naprzemiennej stwierdzi\u0142, i\u017c instytucj\u0119 t\u0119 cechuje sprawowanie jej przez rodzic\u00f3w wzgl\u0119dem dziecka, kt\u00f3re zamieszkuje i koncentruje swoje sprawy \u017cyciowe na zmian\u0119 u obojga rodzic\u00f3w. Poj\u0119cie opieki naprzemiennej nie charakteryzuje si\u0119 symetryczno\u015bci\u0105, nie jest wi\u0119c wymagane, aby opieka nad dzie\u0107mi by\u0142a identyczna po stronie matki i ojca.<\/p>\n\n\n\n<p>Je\u015bli rodzic faktycznie opiekuje si\u0119 dzie\u0107mi w r\u00f3wnym lub prawie r\u00f3wnym stopniu z drugim rodzicem, powinien on by\u0107 zdaniem s\u0105du traktowany jak wykonuj\u0105cy opiek\u0119 naprzemienn\u0105 i w zwi\u0105zku z tym uprawniony do 250 z\u0142otych za dany miesi\u0105c \u015bwiadczenia wychowawczego.<\/p>\n","protected":false},"excerpt":{"rendered":"<p>Zgodnie z art. 5 ustawy z dnia 11 lutego 2016 r. o pomocy pa\u0144stwa w wychowywaniu dzieci, \u015bwiadczenie wychowawcze, powszechnie okre\u015blane jako 500+, przys\u0142uguje w okre\u015blonych przypadkach rodzicom i opiekunom dziecka, kt\u00f3re nie uko\u0144czy\u0142o 18 lat. Art. 5 tej ustawy stanowi, i\u017c w przypadku gdy dziecko, zgodnie z orzeczeniem s\u0105du, jest pod opiek\u0105 naprzemienn\u0105 obydwojga [&hellip;]<\/p>\n","protected":false},"author":1,"featured_media":0,"comment_status":"closed","ping_status":"open","sticky":false,"template":"","format":"standard","meta":{"footnotes":""},"categories":[3],"tags":[124,101,123,34,9],"class_list":["post-181","post","type-post","status-publish","format-standard","hentry","category-news-pl","tag-124","tag-dziecko","tag-opieka-naprzemienna","tag-rodzice","tag-rozwod"],"_links":{"self":[{"href":"https:\/\/separacja.pl\/news\/wp-json\/wp\/v2\/posts\/181","targetHints":{"allow":["GET"]}}],"collection":[{"href":"https:\/\/separacja.pl\/news\/wp-json\/wp\/v2\/posts"}],"about":[{"href":"https:\/\/separacja.pl\/news\/wp-json\/wp\/v2\/types\/post"}],"author":[{"embeddable":true,"href":"https:\/\/separacja.pl\/news\/wp-json\/wp\/v2\/users\/1"}],"replies":[{"embeddable":true,"href":"https:\/\/separacja.pl\/news\/wp-json\/wp\/v2\/comments?post=181"}],"version-history":[{"count":1,"href":"https:\/\/separacja.pl\/news\/wp-json\/wp\/v2\/posts\/181\/revisions"}],"predecessor-version":[{"id":182,"href":"https:\/\/separacja.pl\/news\/wp-json\/wp\/v2\/posts\/181\/revisions\/182"}],"wp:attachment":[{"href":"https:\/\/separacja.pl\/news\/wp-json\/wp\/v2\/media?parent=181"}],"wp:term":[{"taxonomy":"category","embeddable":true,"href":"https:\/\/separacja.pl\/news\/wp-json\/wp\/v2\/categories?post=181"},{"taxonomy":"post_tag","embeddable":true,"href":"https:\/\/separacja.pl\/news\/wp-json\/wp\/v2\/tags?post=181"}],"curies":[{"name":"wp","href":"https:\/\/api.w.org\/{rel}","templated":true}]}}