{"id":175,"date":"2020-11-04T10:08:00","date_gmt":"2020-11-04T09:08:00","guid":{"rendered":"https:\/\/separacja.pl\/news\/?p=175"},"modified":"2025-04-06T20:07:05","modified_gmt":"2025-04-06T18:07:05","slug":"orzekanie-o-winie-w-rozkladzie-pozycia-w-przypadku-choroby-psychicznej-malzonka","status":"publish","type":"post","link":"https:\/\/separacja.pl\/news\/orzekanie-o-winie-w-rozkladzie-pozycia-w-przypadku-choroby-psychicznej-malzonka\/","title":{"rendered":"Orzekanie o winie w rozk\u0142adzie po\u017cycia w przypadku choroby psychicznej ma\u0142\u017conka"},"content":{"rendered":"\n<p>W przypadku podj\u0119cia decyzji o rozwodzie mo\u017cna ubiega\u0107 si\u0119 o orzeczenie, kt\u00f3re przypisze ma\u0142\u017conkowi (lub obojgu z nich) win\u0119 w rozk\u0142adzie po\u017cycia. W sytuacji, gdy jeden z ma\u0142\u017conk\u00f3w cierpi na chorob\u0119 psychiczn\u0105,przypisanie winy wymaga wyj\u0105tkowo szczeg\u00f3\u0142owej analizy wszystkich aspekt\u00f3w danej sprawy.Od okoliczno\u015bci zale\u017cy, czy choroba psychiczna jednego z ma\u0142\u017conk\u00f3w b\u0119dzie uznana za zawinion\u0105 przyczyn\u0119 rozpadu ma\u0142\u017ce\u0144stwa, czy winy z tego powodu przypisa\u0107 nie b\u0119dzie mo\u017cna.<\/p>\n\n\n\n<p>W wyroku z dnia 5 stycznia 2001 V CKN 915\/00 S\u0105d Najwy\u017cszy stwierdzi\u0142, \u017ce w pewnych okoliczno\u015bciach choroba psychiczna ma\u0142\u017conka nie wyklucza przypisania mu wsp\u00f3\u0142winy trwa\u0142ego i zupe\u0142nego rozk\u0142adu po\u017cycia ma\u0142\u017ce\u0144skiego.<\/p>\n\n\n\n<p>W orzecznictwie S\u0105du Najwy\u017cszego podkre\u015bla si\u0119, \u017ce przypisanie ma\u0142\u017conkowi winy w powstaniu rozk\u0142adu po\u017cycia wymaga ustalenia, i\u017c naruszy\u0142 on (w spos\u00f3b umy\u015blny lub nieumy\u015blny) obowi\u0105zki wynikaj\u0105ce z ustawy lub z zasad wsp\u00f3\u0142\u017cycia spo\u0142ecznego.<\/p>\n\n\n\n<p>S\u0105d przypomnia\u0142, \u017ce wraz z zawarciem zwi\u0105zku ma\u0142\u017ce\u0144skiego ma\u0142\u017conkowie zobowi\u0105zuj\u0105 si\u0119 do \u015bwiadczenia sobie wzajemnej pomocy oraz troski o wsp\u00f3lnie za\u0142o\u017con\u0105 rodzin\u0119, dlatego choroba wsp\u00f3\u0142ma\u0142\u017conka oznacza dla drugiego ma\u0142\u017conka obowi\u0105zek u\u017cycia wszelkich \u015brodk\u00f3w do przywr\u00f3cenia choremu zdrowia i nie mo\u017ce by\u0107 jako taka wy\u0142\u0105czn\u0105 przyczyn\u0105 do przypisania winy.<\/p>\n\n\n\n<p>Istniej\u0105 jednak sytuacje, w kt\u00f3rych przypisanie winy rozk\u0142adu po\u017cycia cierpi\u0105cemu na chorob\u0119 psychiczn\u0105 ma\u0142\u017conkowi b\u0119dzie mo\u017cliwe. SN podkre\u015bli\u0142, \u017ce b\u0119dzie to zale\u017ca\u0142o od rodzaju wyst\u0119puj\u0105cej choroby.Je\u017celi bowiem w okresach remisji chory odmawia leczenia lub je utrudnia, a jego postawa stanowi jedn\u0105 z przyczyn rozk\u0142adu po\u017cycia ma\u0142\u017ce\u0144skiego, nie ma przeszk\u00f3d, aby ma\u0142\u017conkowi takiemu przypisa\u0107 wsp\u00f3\u0142win\u0119 (lub nawet wy\u0142\u0105czn\u0105 win\u0119) zaistnia\u0142ego rozk\u0142adu po\u017cycia.<\/p>\n\n\n\n<p>Wymaga podkre\u015blenia, \u017ce zgodnie z przepisami Kodeksu cywilnego winy nie mo\u017cna przypisa\u0107 osobie, kt\u00f3ra z jakichkolwiek powod\u00f3w znajduje si\u0119 w stanie wy\u0142\u0105czaj\u0105cym \u015bwiadome albo swobodne powzi\u0119cie decyzji i wyra\u017cenie woli. W przypadku orzekania o winie nale\u017cy wi\u0119c bra\u0107 pod uwag\u0119 stan psychiczny ma\u0142\u017conka, w stosunku do kt\u00f3rego postawiony zosta\u0142 zarzut zawinienia rozk\u0142adu po\u017cycia. Przypisanie ma\u0142\u017conkowi winy rozk\u0142adu po\u017cycia nie b\u0119dzie mo\u017cliwe, je\u017celi jego dzia\u0142ania nast\u0105pi\u0142y w stanie niepoczytalno\u015bci lub przemijaj\u0105cego zak\u0142\u00f3cenia czynno\u015bci psychicznych.<\/p>\n\n\n\n<p>Na marginesie nale\u017cy wspomnie\u0107, \u017ce przypisanie ma\u0142\u017conkowi winy rozk\u0142adu po\u017cycia pozbawione jest decyduj\u0105cego znaczenia dla kwestii przys\u0142ugiwania mu w\u0142adzy rodzicielskiej, jej wykonywania czy osobistych kontakt\u00f3w z ma\u0142oletnim dzieckiem. Przy orzekaniu o w\u0142adzy rodzicielskiej oraz osobistych kontaktach rodzica z dzieckiem decyduj\u0105ce znaczenie ma bowiem ocena sytuacji dziecka.<\/p>\n","protected":false},"excerpt":{"rendered":"<p>W przypadku podj\u0119cia decyzji o rozwodzie mo\u017cna ubiega\u0107 si\u0119 o orzeczenie, kt\u00f3re przypisze ma\u0142\u017conkowi (lub obojgu z nich) win\u0119 w rozk\u0142adzie po\u017cycia. W sytuacji, gdy jeden z ma\u0142\u017conk\u00f3w cierpi na chorob\u0119 psychiczn\u0105,przypisanie winy wymaga wyj\u0105tkowo szczeg\u00f3\u0142owej analizy wszystkich aspekt\u00f3w danej sprawy.Od okoliczno\u015bci zale\u017cy, czy choroba psychiczna jednego z ma\u0142\u017conk\u00f3w b\u0119dzie uznana za zawinion\u0105 przyczyn\u0119 rozpadu [&hellip;]<\/p>\n","protected":false},"author":1,"featured_media":0,"comment_status":"closed","ping_status":"open","sticky":false,"template":"","format":"standard","meta":{"footnotes":""},"categories":[3],"tags":[132,60,58,133,39],"class_list":["post-175","post","type-post","status-publish","format-standard","hentry","category-news-pl","tag-choroba","tag-malzonek","tag-orzeczenie","tag-psychiczne","tag-wina"],"_links":{"self":[{"href":"https:\/\/separacja.pl\/news\/wp-json\/wp\/v2\/posts\/175","targetHints":{"allow":["GET"]}}],"collection":[{"href":"https:\/\/separacja.pl\/news\/wp-json\/wp\/v2\/posts"}],"about":[{"href":"https:\/\/separacja.pl\/news\/wp-json\/wp\/v2\/types\/post"}],"author":[{"embeddable":true,"href":"https:\/\/separacja.pl\/news\/wp-json\/wp\/v2\/users\/1"}],"replies":[{"embeddable":true,"href":"https:\/\/separacja.pl\/news\/wp-json\/wp\/v2\/comments?post=175"}],"version-history":[{"count":1,"href":"https:\/\/separacja.pl\/news\/wp-json\/wp\/v2\/posts\/175\/revisions"}],"predecessor-version":[{"id":176,"href":"https:\/\/separacja.pl\/news\/wp-json\/wp\/v2\/posts\/175\/revisions\/176"}],"wp:attachment":[{"href":"https:\/\/separacja.pl\/news\/wp-json\/wp\/v2\/media?parent=175"}],"wp:term":[{"taxonomy":"category","embeddable":true,"href":"https:\/\/separacja.pl\/news\/wp-json\/wp\/v2\/categories?post=175"},{"taxonomy":"post_tag","embeddable":true,"href":"https:\/\/separacja.pl\/news\/wp-json\/wp\/v2\/tags?post=175"}],"curies":[{"name":"wp","href":"https:\/\/api.w.org\/{rel}","templated":true}]}}