{"id":165,"date":"2020-07-04T09:57:00","date_gmt":"2020-07-04T07:57:00","guid":{"rendered":"https:\/\/separacja.pl\/news\/?p=165"},"modified":"2025-04-06T20:10:35","modified_gmt":"2025-04-06T18:10:35","slug":"zmiana-nazwiska-po-rozwodzie","status":"publish","type":"post","link":"https:\/\/separacja.pl\/news\/zmiana-nazwiska-po-rozwodzie\/","title":{"rendered":"Zmiana nazwiska po rozwodzie"},"content":{"rendered":"\n<p>Zawieraj\u0105c zwi\u0105zek ma\u0142\u017ce\u0144ski cz\u0119sto jedno z ma\u0142\u017conk\u00f3w (w realiach polskich najcz\u0119\u015bciej \u017cona) cz\u0119sto decyduje si\u0119 na przyj\u0119cie nazwiska ma\u0142\u017conka. Po rozwodzie jednak istnieje mo\u017cliwo\u015b\u0107 powrotu do nazwiska sprzed ma\u0142\u017ce\u0144stwa. Nale\u017cy przy tym pami\u0119ta\u0107 o kilku istotnych kwestiach.<\/p>\n\n\n\n<p>Przede wszystkim trzeba zachowa\u0107 termin \u2013 3 miesi\u0105ce od momentu uprawomocnienia si\u0119 orzeczenia. Po tym czasie zmiana nazwiska b\u0119dzie mo\u017cliwa tylko na podstawie ustawy o zmianie imienia i nazwiska. Dodatkowo o\u015bwiadczenie musi zosta\u0107 z\u0142o\u017cone przed kierownikiem urz\u0119du stanu cywilnego lub konsulem. Nie ma mo\u017cliwo\u015bci \u017c\u0105dania od s\u0105du aby takie rozstrzygni\u0119cie zawar\u0142 w wyroku rozwodowym. Taki pogl\u0105d zawarto w wyroku S\u0105du Najwy\u017cszego z 23 wrze\u015bnia 1974 r. (sygn. akt: III CRN 188\/74) i pozostaje on aktualny do dzi\u015b.<\/p>\n\n\n\n<p>Jednocze\u015bnie pami\u0119ta\u0107 nale\u017cy, \u017ce mo\u017cliwo\u015b\u0107 zmiany nazwiska po rozwodzie jest prawem a nie obowi\u0105zkiem. Kobieta nosz\u0105ca nazwisko m\u0119\u017ca (bo tak najcz\u0119\u015bciej bywa)mo\u017ce nie chcie\u0107 tej zmiany z wielu wzgl\u0119d\u00f3w. Przede wszystkim pos\u0142uguj\u0105c si\u0119 danym nazwiskiem przez wiele lat ma\u0142\u017ce\u0144stwa \u017cona mog\u0142a wyrobi\u0107 sobie renom\u0119 zawodow\u0105 i rozpoznawalno\u015b\u0107, z kt\u00f3rej nie chce rezygnowa\u0107 z powodu rozpadu zwi\u0105zku. Co wi\u0119cej dzieci ma\u0142\u017conk\u00f3w najcz\u0119\u015bciej nosz\u0105 ich wsp\u00f3lne nazwisko, wiec zachowanie nazwiska \u201ema\u0142\u017ce\u0144skiego\u201d mo\u017ce mie\u0107 na celu ochron\u0119 ich dobra.<\/p>\n\n\n\n<p>Mo\u017cna sobie jednak wyobrazi\u0107 sytuacj\u0119, w kt\u00f3rej m\u0105\u017c, szczeg\u00f3lnie skonfliktowany z by\u0142\u0105 partnerk\u0105, \u017c\u0105da aby zmieni\u0142a ona nazwisko. Pojawia si\u0119 wi\u0119c pytanie czy mo\u017cna by\u0142ego ma\u0142\u017conka zmusi\u0107 do zmiany nazwiska po rozwodzie? Spraw\u0119 t\u0119 rozstrzygn\u0105\u0142 jednoznacznie S\u0105d Najwy\u017cszy ju\u017c w 1978 r. w postanowieniu z 2 lutego 1978 r.; IV CZ 11\/78. SN stwierdzi\u0142 wtedy, \u017ce \u201eby\u0142y m\u0105\u017c nie mo\u017ce domaga\u0107 si\u0119 odebrania swojej by\u0142ej \u017conie prawa do nazwiska nabytego przez ma\u0142\u017ce\u0144stwo, jako \u017ce kodeks rodzinny i opieku\u0144czy takiej mo\u017cliwo\u015bci nie przewiduje\u201d. Tak\u017ce to orzeczenie SN do dnia dzisiejszego nie straci\u0142o aktualno\u015bci.<\/p>\n","protected":false},"excerpt":{"rendered":"<p>Zawieraj\u0105c zwi\u0105zek ma\u0142\u017ce\u0144ski cz\u0119sto jedno z ma\u0142\u017conk\u00f3w (w realiach polskich najcz\u0119\u015bciej \u017cona) cz\u0119sto decyduje si\u0119 na przyj\u0119cie nazwiska ma\u0142\u017conka. Po rozwodzie jednak istnieje mo\u017cliwo\u015b\u0107 powrotu do nazwiska sprzed ma\u0142\u017ce\u0144stwa. Nale\u017cy przy tym pami\u0119ta\u0107 o kilku istotnych kwestiach. Przede wszystkim trzeba zachowa\u0107 termin \u2013 3 miesi\u0105ce od momentu uprawomocnienia si\u0119 orzeczenia. Po tym czasie zmiana nazwiska [&hellip;]<\/p>\n","protected":false},"author":1,"featured_media":0,"comment_status":"closed","ping_status":"open","sticky":false,"template":"","format":"standard","meta":{"footnotes":""},"categories":[3],"tags":[9,69],"class_list":["post-165","post","type-post","status-publish","format-standard","hentry","category-news-pl","tag-rozwod","tag-zmiana-nazwiska"],"_links":{"self":[{"href":"https:\/\/separacja.pl\/news\/wp-json\/wp\/v2\/posts\/165","targetHints":{"allow":["GET"]}}],"collection":[{"href":"https:\/\/separacja.pl\/news\/wp-json\/wp\/v2\/posts"}],"about":[{"href":"https:\/\/separacja.pl\/news\/wp-json\/wp\/v2\/types\/post"}],"author":[{"embeddable":true,"href":"https:\/\/separacja.pl\/news\/wp-json\/wp\/v2\/users\/1"}],"replies":[{"embeddable":true,"href":"https:\/\/separacja.pl\/news\/wp-json\/wp\/v2\/comments?post=165"}],"version-history":[{"count":1,"href":"https:\/\/separacja.pl\/news\/wp-json\/wp\/v2\/posts\/165\/revisions"}],"predecessor-version":[{"id":166,"href":"https:\/\/separacja.pl\/news\/wp-json\/wp\/v2\/posts\/165\/revisions\/166"}],"wp:attachment":[{"href":"https:\/\/separacja.pl\/news\/wp-json\/wp\/v2\/media?parent=165"}],"wp:term":[{"taxonomy":"category","embeddable":true,"href":"https:\/\/separacja.pl\/news\/wp-json\/wp\/v2\/categories?post=165"},{"taxonomy":"post_tag","embeddable":true,"href":"https:\/\/separacja.pl\/news\/wp-json\/wp\/v2\/tags?post=165"}],"curies":[{"name":"wp","href":"https:\/\/api.w.org\/{rel}","templated":true}]}}