{"id":159,"date":"2020-04-04T09:50:00","date_gmt":"2020-04-04T07:50:00","guid":{"rendered":"https:\/\/separacja.pl\/news\/?p=159"},"modified":"2025-04-06T20:13:16","modified_gmt":"2025-04-06T18:13:16","slug":"czy-malzonek-czesciowo-ubezwlasnowolniony-posiada-zdolnosc-procesowa-w-sprawie-o-rozwod","status":"publish","type":"post","link":"https:\/\/separacja.pl\/news\/czy-malzonek-czesciowo-ubezwlasnowolniony-posiada-zdolnosc-procesowa-w-sprawie-o-rozwod\/","title":{"rendered":"Czy ma\u0142\u017conek cz\u0119\u015bciowo ubezw\u0142asnowolniony posiada zdolno\u015b\u0107 procesow\u0105 w sprawie o\u00a0rozw\u00f3d?"},"content":{"rendered":"\n<p>Uchwa\u0142a S\u0105du Najwy\u017cszego z dnia 21 grudnia 2017 r. (sygn. III CZP 66\/17) dotyczy\u0142a takiej sytuacji.<\/p>\n\n\n\n<p>S\u0105d Najwy\u017cszy podkre\u015bli\u0142, \u017ce zdolno\u015b\u0107 do czynno\u015bci procesowych (zdolno\u015b\u0107 procesowa) jest bezwzgl\u0119dn\u0105, pozytywn\u0105 przes\u0142ank\u0105 procesow\u0105, warunkuj\u0105c\u0105 dopuszczalno\u015b\u0107 merytorycznego rozstrzygni\u0119cia sprawy. Brak zdolno\u015bci procesowej powoda, je\u017celi nie zostanie uzupe\u0142niony, poci\u0105ga za sob\u0105 odrzucenie pozwu.<\/p>\n\n\n\n<p>Argumenty j\u0119zykowe, w powi\u0105zaniu z wyk\u0142adni\u0105 systemow\u0105 i historyczn\u0105 ka\u017c\u0105 doj\u015b\u0107 do wniosku, \u017ce osoba cz\u0119\u015bciowo ubezw\u0142asnowolniona nie ma zdolno\u015bci procesowej w procesie o&nbsp;rozw\u00f3d. Stanowisko to wymaga jednak oceny tak\u017ce w \u015bwietle akt\u00f3w prawnych wyznaczaj\u0105cych wsp\u00f3\u0142czesne standardy mi\u0119dzynarodowe dotycz\u0105ce sytuacji prawnej os\u00f3b dotkni\u0119tych niesprawno\u015bci\u0105 intelektualn\u0105, kt\u00f3re ukierunkowane s\u0105 na utrzymanie zdolno\u015bci do czynno\u015bci prawnych os\u00f3b cz\u0119\u015bciowo ubezw\u0142asnowolnionych.<\/p>\n\n\n\n<p>Z tych powod\u00f3w S\u0105d Najwy\u017cszy podkre\u015bli\u0142, je\u017celi osoba obj\u0119ta kuratel\u0105 wytoczy samodzielnie pow\u00f3dztwo o rozw\u00f3d, pomoc udzielana przez kuratora powinna sprowadza\u0107 si\u0119 przede wszystkim do zbadania, czy osoba ta rozumie znaczenie tej czynno\u015bci, potrafi oceni\u0107 jej jurydyczne skutki, dokona\u0142a ich oceny i zdaje sobie z nich spraw\u0119, oraz czy decyzja o wszcz\u0119ciu procesu pochodzi od niej, a nie zosta\u0142a podj\u0119ta pod wp\u0142ywem os\u00f3b trzecich. W razie potrzeby kurator powinien udzieli\u0107 osobie, dla kt\u00f3rej zosta\u0142 ustanowiony, niezb\u0119dnego wsparcia w tym zakresie. Je\u017celi ocena tych element\u00f3w wypada pozytywnie, kurator powinien respektowa\u0107 decyzj\u0119 o wytoczeniu pow\u00f3dztwa i podj\u0105\u0107 dzia\u0142ania w celu zatwierdzenia tej czynno\u015bci oraz kontynuowania procesu.<\/p>\n\n\n\n<p>Dodatkowo opiesza\u0142o\u015b\u0107 kuratora nie powinna nie\u015b\u0107 za sob\u0105 ujemnych skutk\u00f3w dla osoby cz\u0119\u015bciowo ubezw\u0142asnowolnionej. Dlatego, je\u015bli kurator nie wywi\u0105zuje si\u0119 z na\u0142o\u017conych przez S\u0105d termin\u00f3w do potwierdzenia czynno\u015bci procesowej, s\u0105d, przed kt\u00f3rym wytoczono pow\u00f3dztwo, powinien przed odrzuceniem pozwu zawiadomi\u0107 s\u0105d opieku\u0144czy w celu udzielenia kuratorowi polece\u0144 lub wskaz\u00f3wek lub rozwa\u017cenia potrzeby zmiany kuratora.<\/p>\n","protected":false},"excerpt":{"rendered":"<p>Uchwa\u0142a S\u0105du Najwy\u017cszego z dnia 21 grudnia 2017 r. (sygn. III CZP 66\/17) dotyczy\u0142a takiej sytuacji. S\u0105d Najwy\u017cszy podkre\u015bli\u0142, \u017ce zdolno\u015b\u0107 do czynno\u015bci procesowych (zdolno\u015b\u0107 procesowa) jest bezwzgl\u0119dn\u0105, pozytywn\u0105 przes\u0142ank\u0105 procesow\u0105, warunkuj\u0105c\u0105 dopuszczalno\u015b\u0107 merytorycznego rozstrzygni\u0119cia sprawy. Brak zdolno\u015bci procesowej powoda, je\u017celi nie zostanie uzupe\u0142niony, poci\u0105ga za sob\u0105 odrzucenie pozwu. Argumenty j\u0119zykowe, w powi\u0105zaniu z wyk\u0142adni\u0105 [&hellip;]<\/p>\n","protected":false},"author":1,"featured_media":0,"comment_status":"closed","ping_status":"open","sticky":false,"template":"","format":"standard","meta":{"footnotes":""},"categories":[3],"tags":[143,141,140,142],"class_list":["post-159","post","type-post","status-publish","format-standard","hentry","category-news-pl","tag-kurator","tag-malzonek-2","tag-ubezwlasnowolniony","tag-zdolnosc-procesowa"],"_links":{"self":[{"href":"https:\/\/separacja.pl\/news\/wp-json\/wp\/v2\/posts\/159","targetHints":{"allow":["GET"]}}],"collection":[{"href":"https:\/\/separacja.pl\/news\/wp-json\/wp\/v2\/posts"}],"about":[{"href":"https:\/\/separacja.pl\/news\/wp-json\/wp\/v2\/types\/post"}],"author":[{"embeddable":true,"href":"https:\/\/separacja.pl\/news\/wp-json\/wp\/v2\/users\/1"}],"replies":[{"embeddable":true,"href":"https:\/\/separacja.pl\/news\/wp-json\/wp\/v2\/comments?post=159"}],"version-history":[{"count":1,"href":"https:\/\/separacja.pl\/news\/wp-json\/wp\/v2\/posts\/159\/revisions"}],"predecessor-version":[{"id":160,"href":"https:\/\/separacja.pl\/news\/wp-json\/wp\/v2\/posts\/159\/revisions\/160"}],"wp:attachment":[{"href":"https:\/\/separacja.pl\/news\/wp-json\/wp\/v2\/media?parent=159"}],"wp:term":[{"taxonomy":"category","embeddable":true,"href":"https:\/\/separacja.pl\/news\/wp-json\/wp\/v2\/categories?post=159"},{"taxonomy":"post_tag","embeddable":true,"href":"https:\/\/separacja.pl\/news\/wp-json\/wp\/v2\/tags?post=159"}],"curies":[{"name":"wp","href":"https:\/\/api.w.org\/{rel}","templated":true}]}}