{"id":152,"date":"2020-03-04T09:40:00","date_gmt":"2020-03-04T08:40:00","guid":{"rendered":"https:\/\/separacja.pl\/news\/?p=152"},"modified":"2025-04-06T20:14:09","modified_gmt":"2025-04-06T18:14:09","slug":"orzekanie-w-wyroku-orzekajacym-rozwod-malzenstwa-o-obowiazku-ponoszenia-przez-malzonkow-kosztow-utrzymania-ich-dziecka","status":"publish","type":"post","link":"https:\/\/separacja.pl\/news\/orzekanie-w-wyroku-orzekajacym-rozwod-malzenstwa-o-obowiazku-ponoszenia-przez-malzonkow-kosztow-utrzymania-ich-dziecka\/","title":{"rendered":"Orzekanie w wyroku orzekaj\u0105cym rozw\u00f3d ma\u0142\u017ce\u0144stwa o obowi\u0105zku ponoszenia przez ma\u0142\u017conk\u00f3w koszt\u00f3w utrzymania ich dziecka."},"content":{"rendered":"\n<p>S\u0105d Najwy\u017cszy uchwa\u0142\u0105 z dnia 12 kwietnia 1990 r. (<a href=\"https:\/\/separacja.pl\/pdf\/uchwala-iii-czp-12-90.pdf\">sygn. III CZP 12\/90<\/a>) stwierdzi\u0142, \u017ce s\u0105d orzekaj\u0105c rozw\u00f3d ma\u0142\u017conk\u00f3w zobowi\u0105zany jest do poruszenia kwestii \u015bwiadczenia alimentacyjnego na ich wsp\u00f3lne dziecko, gdy\u017c stanowi to jeden zelement\u00f3w przedmiotowo istotnychnormy prawnej wynikaj\u0105cej z art. 58 KRO. S\u0105d rozwodowy nie musi od podstaw ustala\u0107 wysoko\u015bci takiego \u015bwiadczenia &#8211; mo\u017ce (a nawet powinien) wzi\u0105\u0107 pod uwag\u0119 wszelkiego rodzaju ugody b\u0105d\u017a ustalenia mi\u0119dzy stronami, a tak\u017ce wyrok innego s\u0105du, je\u017celi ten w innej sprawie orzek\u0142 ju\u017c o alimentach. W takiej sytuacji s\u0105d mo\u017ce utrzyma\u0107 w mocy \u015bwiadczenia alimentacyjne ustalone ugod\u0105, umow\u0105 lub innym wyrokiem lub powt\u00f3rzy\u0107 takie rozstrzygni\u0119cie (je\u017celi zobowi\u0105zanie wyra\u017cone jest w walucie obcej mo\u017cna zas\u0105dzi\u0107 r\u00f3wnowarto\u015b\u0107 zobowi\u0105zania w z\u0142ot\u00f3wkach przy u\u017cyciu kursu z dnia orzekania). W wyroku rozwodowym musi wi\u0119cznale\u017a\u0107 si\u0119 rozstrzygni\u0119cie dotycz\u0105cenak\u0142ad\u00f3w na wsp\u00f3lne ma\u0142oletnie dziecko, gdy\u017c takiego dzia\u0142ania od s\u0105du wymaga ustawa.<\/p>\n","protected":false},"excerpt":{"rendered":"<p>S\u0105d Najwy\u017cszy uchwa\u0142\u0105 z dnia 12 kwietnia 1990 r. (sygn. III CZP 12\/90) stwierdzi\u0142, \u017ce s\u0105d orzekaj\u0105c rozw\u00f3d ma\u0142\u017conk\u00f3w zobowi\u0105zany jest do poruszenia kwestii \u015bwiadczenia alimentacyjnego na ich wsp\u00f3lne dziecko, gdy\u017c stanowi to jeden zelement\u00f3w przedmiotowo istotnychnormy prawnej wynikaj\u0105cej z art. 58 KRO. S\u0105d rozwodowy nie musi od podstaw ustala\u0107 wysoko\u015bci takiego \u015bwiadczenia &#8211; mo\u017ce [&hellip;]<\/p>\n","protected":false},"author":1,"featured_media":0,"comment_status":"closed","ping_status":"open","sticky":false,"template":"","format":"standard","meta":{"footnotes":""},"categories":[3],"tags":[61,101,94,58],"class_list":["post-152","post","type-post","status-publish","format-standard","hentry","category-news-pl","tag-alimenty","tag-dziecko","tag-koszty","tag-orzeczenie"],"_links":{"self":[{"href":"https:\/\/separacja.pl\/news\/wp-json\/wp\/v2\/posts\/152","targetHints":{"allow":["GET"]}}],"collection":[{"href":"https:\/\/separacja.pl\/news\/wp-json\/wp\/v2\/posts"}],"about":[{"href":"https:\/\/separacja.pl\/news\/wp-json\/wp\/v2\/types\/post"}],"author":[{"embeddable":true,"href":"https:\/\/separacja.pl\/news\/wp-json\/wp\/v2\/users\/1"}],"replies":[{"embeddable":true,"href":"https:\/\/separacja.pl\/news\/wp-json\/wp\/v2\/comments?post=152"}],"version-history":[{"count":6,"href":"https:\/\/separacja.pl\/news\/wp-json\/wp\/v2\/posts\/152\/revisions"}],"predecessor-version":[{"id":158,"href":"https:\/\/separacja.pl\/news\/wp-json\/wp\/v2\/posts\/152\/revisions\/158"}],"wp:attachment":[{"href":"https:\/\/separacja.pl\/news\/wp-json\/wp\/v2\/media?parent=152"}],"wp:term":[{"taxonomy":"category","embeddable":true,"href":"https:\/\/separacja.pl\/news\/wp-json\/wp\/v2\/categories?post=152"},{"taxonomy":"post_tag","embeddable":true,"href":"https:\/\/separacja.pl\/news\/wp-json\/wp\/v2\/tags?post=152"}],"curies":[{"name":"wp","href":"https:\/\/api.w.org\/{rel}","templated":true}]}}