{"id":141,"date":"2020-02-03T21:31:00","date_gmt":"2020-02-03T20:31:00","guid":{"rendered":"https:\/\/separacja.pl\/news\/?p=141"},"modified":"2025-04-06T20:15:11","modified_gmt":"2025-04-06T18:15:11","slug":"dobro-dziecka-a-rozwod-i-separacja","status":"publish","type":"post","link":"https:\/\/separacja.pl\/news\/dobro-dziecka-a-rozwod-i-separacja\/","title":{"rendered":"Dobro dziecka a rozw\u00f3d i separacja"},"content":{"rendered":"\n<p>Kodeks rodzinny i opieku\u0144czy stanowi kiedy mo\u017cliwe jest orzeczenie rozwodu jak i&nbsp;separacji. Ani rozw\u00f3d ani separacja nie s\u0105 dopuszczalne, je\u017celi w ich konsekwencji mia\u0142oby ucierpie\u0107 dobro wsp\u00f3lnych ma\u0142oletnich dzieci ma\u0142\u017conk\u00f3w. Odrzucenie pozwu rozwodowego (czy te\u017c o separacj\u0119) z tej przyczyny zdarza si\u0119 stosunkowo rzadko, jednak jest to mo\u017cliwe.<\/p>\n\n\n\n<p>O&nbsp;przes\u0142ance dobra dziecka wypowiedzia\u0142 si\u0119 mi\u0119dzy innymi S\u0105d Apelacyjny w&nbsp;Rzeszowie w&nbsp;wyroku z 8 kwietnia 2010 r., sygn. akt: I ACa 83\/10. W orzeczeniu tym podkre\u015blono, \u017ce omawiana przes\u0142anka ma na celu ochron\u0119 dziecka przed negatywnymi skutkami rozwodu rodzic\u00f3w, nie jest za\u015b w stanie go chroni\u0107 przed skutkami rozk\u0142adu po\u017cycia pomi\u0119dzy nimi. S\u0105d powinien wi\u0119c ustali\u0107, czy orzeczenie rozwodu wywo\u0142a bardziej ujemne skutki ni\u017c te, kt\u00f3re spowodowane zosta\u0142y trwa\u0142ym rozk\u0142adem wsp\u00f3\u0142\u017cycia pomi\u0119dzy nimi (a&nbsp;cz\u0119sto tak\u017ce k\u0142\u00f3tniami). Trzeba wi\u0119c odpowiedzie\u0107 na pytanie dlaczego utrzymywanie martwego ma\u0142\u017ce\u0144stwa s\u0142u\u017cy dobru dziecka.<\/p>\n\n\n\n<p>Istniej\u0105 oczywi\u015bcie sytuacje, w kt\u00f3rych oddalenie pozwu rozwodowego (lub o&nbsp;separacj\u0119) jest zasadne z punktu widzenia dobra dziecka. Najcz\u0119\u015bciej podaje si\u0119 tu przewlek\u0142\u0105 chorob\u0119 dziecka. Tak\u017ce wtedy, gdy rozk\u0142ad po\u017cycia nie wp\u0142ywa na dziecko negatywnie (na przyk\u0142ad dziecko nie wie \u017ce dzieje si\u0119 co\u015b niepokoj\u0105cego, rodzice zachowuj\u0105 si\u0119 przy nim poprawnie i w pewnym sensie udaj\u0105 kochaj\u0105c\u0105 rodzin\u0119) orzeczenie rozwodu mo\u017ce mie\u0107 negatywny wp\u0142yw na dobro dziecka. Przede wszystkim nale\u017cy pami\u0119ta\u0107, \u017ce ka\u017cd\u0105 spraw\u0119 nale\u017cy ocenia\u0107 indywidualnie i bra\u0107 pod rozwag\u0119 wszelkie okoliczno\u015bci.<\/p>\n","protected":false},"excerpt":{"rendered":"<p>Kodeks rodzinny i opieku\u0144czy stanowi kiedy mo\u017cliwe jest orzeczenie rozwodu jak i&nbsp;separacji. Ani rozw\u00f3d ani separacja nie s\u0105 dopuszczalne, je\u017celi w ich konsekwencji mia\u0142oby ucierpie\u0107 dobro wsp\u00f3lnych ma\u0142oletnich dzieci ma\u0142\u017conk\u00f3w. Odrzucenie pozwu rozwodowego (czy te\u017c o separacj\u0119) z tej przyczyny zdarza si\u0119 stosunkowo rzadko, jednak jest to mo\u017cliwe. O&nbsp;przes\u0142ance dobra dziecka wypowiedzia\u0142 si\u0119 mi\u0119dzy innymi [&hellip;]<\/p>\n","protected":false},"author":1,"featured_media":0,"comment_status":"closed","ping_status":"open","sticky":false,"template":"","format":"standard","meta":{"footnotes":""},"categories":[3],"tags":[144,64,145,65,9,27,44],"class_list":["post-141","post","type-post","status-publish","format-standard","hentry","category-news-pl","tag-dobro-dziecka","tag-kodeks","tag-opiekunczy","tag-rodzinny","tag-rozwod","tag-separacja","tag-wyrok"],"_links":{"self":[{"href":"https:\/\/separacja.pl\/news\/wp-json\/wp\/v2\/posts\/141","targetHints":{"allow":["GET"]}}],"collection":[{"href":"https:\/\/separacja.pl\/news\/wp-json\/wp\/v2\/posts"}],"about":[{"href":"https:\/\/separacja.pl\/news\/wp-json\/wp\/v2\/types\/post"}],"author":[{"embeddable":true,"href":"https:\/\/separacja.pl\/news\/wp-json\/wp\/v2\/users\/1"}],"replies":[{"embeddable":true,"href":"https:\/\/separacja.pl\/news\/wp-json\/wp\/v2\/comments?post=141"}],"version-history":[{"count":1,"href":"https:\/\/separacja.pl\/news\/wp-json\/wp\/v2\/posts\/141\/revisions"}],"predecessor-version":[{"id":142,"href":"https:\/\/separacja.pl\/news\/wp-json\/wp\/v2\/posts\/141\/revisions\/142"}],"wp:attachment":[{"href":"https:\/\/separacja.pl\/news\/wp-json\/wp\/v2\/media?parent=141"}],"wp:term":[{"taxonomy":"category","embeddable":true,"href":"https:\/\/separacja.pl\/news\/wp-json\/wp\/v2\/categories?post=141"},{"taxonomy":"post_tag","embeddable":true,"href":"https:\/\/separacja.pl\/news\/wp-json\/wp\/v2\/tags?post=141"}],"curies":[{"name":"wp","href":"https:\/\/api.w.org\/{rel}","templated":true}]}}