{"id":13,"date":"2019-08-03T12:50:00","date_gmt":"2019-08-03T10:50:00","guid":{"rendered":"https:\/\/separacja.pl\/news\/?p=13"},"modified":"2025-04-06T20:20:59","modified_gmt":"2025-04-06T18:20:59","slug":"13-2","status":"publish","type":"post","link":"https:\/\/separacja.pl\/news\/13-2\/","title":{"rendered":"ODMOWA ZGODY NA ROZW\u00d3D"},"content":{"rendered":"\n<p>W wyroku z 22 sierpnia 2018 r. (sygn. akt: V ACa 589\/17) S\u0105d Apelacyjny w Katowicach stwierdzi\u0142, \u017ce odmowa wyra\u017cenia zgody na rozw\u00f3d jest sprzeczna z zasadami wsp\u00f3\u0142\u017cycia spo\u0142ecznego w sytuacji, gdy mi\u0119dzy ma\u0142\u017conkami nie istnieje \u017cadna wi\u0119\u017a emocjonalna, jak te\u017c nie pozostaj\u0105 ze sob\u0105 od wielu lat w kontakcie, a jeden z ma\u0142\u017conk\u00f3w d\u0105\u017cy do sformalizowania kilkuletniego zwi\u0105zku z inn\u0105 osob\u0105. S\u0105d uzna\u0142, \u017ce up\u0142yw czasu ma znaczenie dla oceny, czy odmowa zgody na rozw\u00f3d jest w danych okoliczno\u015bciach sprzeczna z zasadami wsp\u00f3\u0142\u017cycia spo\u0142ecznego.<\/p>\n\n\n\n<p>W sprawie tej nie by\u0142o w\u0105tpliwo\u015bci, co do trwa\u0142o\u015bci i zupe\u0142no\u015bci rozpadu ma\u0142\u017ce\u0144stwa oraz wy\u0142\u0105cznej winy jednej ze stron (powoda). Pozwana odm\u00f3wi\u0142a zgody na rozw\u00f3d twierdz\u0105c, \u017ce nied\u0142ugo straci prac\u0119 (planowana likwidacja pracodawcy) a ma na utrzymaniu niepe\u0142nosprawn\u0105 c\u00f3rk\u0119 stron, dlatego pensja oraz renta m\u0119\u017ca b\u0119d\u0105 s\u0142u\u017cy\u0107 do zaspokojenia potrzeb ca\u0142ej rodziny, co by\u0142oby niemo\u017cliwe w razie rozwodu. Pozwana pomog\u0142a powodowi w podj\u0119ciu pracy, a wcze\u015bniej w uzyskaniu przez niego kwalifikacji. Jednocze\u015bnie pozwana nie aprobowa\u0142a nowej partnerki powoda.<\/p>\n\n\n\n<p>S\u0105d Apelacyjny uzna\u0142, \u017ce powy\u017csze argumenty nie s\u0105 wystarczaj\u0105ce, aby niewyra\u017cenie zgody na rozw\u00f3d by\u0142o zgodne z zasadami wsp\u00f3\u0142\u017cycia spo\u0142ecznego. S\u0105d wskaza\u0142, \u017ce ma\u0142\u017ce\u0144stwo nie utrzymuje \u017cadnych kontakt\u00f3w od ponad 4 lat, a pow\u00f3d jest w zwi\u0105zku z inn\u0105 kobiet\u0105 od lat 8. Ma\u0142\u017ce\u0144stwo to jest w rzeczywisto\u015bci martwe, istnieje jedynie na papierze dlatego S\u0105d stwierdzi\u0142, i\u017c sztuczne utrzymywanie go nie jest po\u017c\u0105dane spo\u0142ecznie.<\/p>\n\n\n\n<p>V ACa 589\/17, Sprzeczno\u015b\u0107 odmowy wyra\u017cenia zgody na rozw\u00f3d z zasadami wsp\u00f3\u0142\u017cycia spo\u0142ecznego. &#8211; Wyrok S\u0105du Apelacyjnego w Katowicach<\/p>\n\n\n\n<p>LEX nr 2615529 &#8211; wyrok z dnia 22 sierpnia 2018 r.<\/p>\n\n\n\n<p>TEZA | aktualna<\/p>\n\n\n\n<p>Sprzeczna z zasadami wsp\u00f3\u0142\u017cycia spo\u0142ecznego jest odmowa wyra\u017cenia zgody na rozw\u00f3d, w sytuacji, gdy mi\u0119dzy ma\u0142\u017conkami nie istnieje \u017cadna wi\u0119\u017a emocjonalna, jak te\u017c nie pozostaj\u0105 ze sob\u0105 od wielu lat w kontakcie, a jeden z ma\u0142\u017conk\u00f3w d\u0105\u017cy do sformalizowania kilkuletniego zwi\u0105zku z inn\u0105 osob\u0105.<\/p>\n","protected":false},"excerpt":{"rendered":"<p>W wyroku z 22 sierpnia 2018 r. (sygn. akt: V ACa 589\/17) S\u0105d Apelacyjny w Katowicach stwierdzi\u0142, \u017ce odmowa wyra\u017cenia zgody na rozw\u00f3d jest sprzeczna z zasadami wsp\u00f3\u0142\u017cycia spo\u0142ecznego w sytuacji, gdy mi\u0119dzy ma\u0142\u017conkami nie istnieje \u017cadna wi\u0119\u017a emocjonalna, jak te\u017c nie pozostaj\u0105 ze sob\u0105 od wielu lat w kontakcie, a jeden z ma\u0142\u017conk\u00f3w d\u0105\u017cy [&hellip;]<\/p>\n","protected":false},"author":1,"featured_media":0,"comment_status":"closed","ping_status":"open","sticky":false,"template":"","format":"standard","meta":{"footnotes":""},"categories":[3],"tags":[159,9,161,160],"class_list":["post-13","post","type-post","status-publish","format-standard","hentry","category-news-pl","tag-odmowa","tag-rozwod","tag-wiez-emocjonalna","tag-zgoda"],"_links":{"self":[{"href":"https:\/\/separacja.pl\/news\/wp-json\/wp\/v2\/posts\/13","targetHints":{"allow":["GET"]}}],"collection":[{"href":"https:\/\/separacja.pl\/news\/wp-json\/wp\/v2\/posts"}],"about":[{"href":"https:\/\/separacja.pl\/news\/wp-json\/wp\/v2\/types\/post"}],"author":[{"embeddable":true,"href":"https:\/\/separacja.pl\/news\/wp-json\/wp\/v2\/users\/1"}],"replies":[{"embeddable":true,"href":"https:\/\/separacja.pl\/news\/wp-json\/wp\/v2\/comments?post=13"}],"version-history":[{"count":7,"href":"https:\/\/separacja.pl\/news\/wp-json\/wp\/v2\/posts\/13\/revisions"}],"predecessor-version":[{"id":128,"href":"https:\/\/separacja.pl\/news\/wp-json\/wp\/v2\/posts\/13\/revisions\/128"}],"wp:attachment":[{"href":"https:\/\/separacja.pl\/news\/wp-json\/wp\/v2\/media?parent=13"}],"wp:term":[{"taxonomy":"category","embeddable":true,"href":"https:\/\/separacja.pl\/news\/wp-json\/wp\/v2\/categories?post=13"},{"taxonomy":"post_tag","embeddable":true,"href":"https:\/\/separacja.pl\/news\/wp-json\/wp\/v2\/tags?post=13"}],"curies":[{"name":"wp","href":"https:\/\/api.w.org\/{rel}","templated":true}]}}